{"id":7505,"date":"2025-01-15T07:02:05","date_gmt":"2025-01-15T07:02:05","guid":{"rendered":"https:\/\/lereveil224.info\/?p=7505"},"modified":"2025-01-15T07:02:05","modified_gmt":"2025-01-15T07:02:05","slug":"arrestation-spectaculaire-du-president-sud-coreen-yoon-suk-yeol-la-fin-dune-impasse-politique","status":"publish","type":"post","link":"https:\/\/lereveil224.info\/index.php\/2025\/01\/15\/arrestation-spectaculaire-du-president-sud-coreen-yoon-suk-yeol-la-fin-dune-impasse-politique\/","title":{"rendered":"Arrestation spectaculaire du pr\u00e9sident sud-cor\u00e9en Yoon Suk-YEOL : la fin d&rsquo;une impasse politique"},"content":{"rendered":"\n<p>Ce mercredi 15 janvier, la Cor\u00e9e du Sud a \u00e9t\u00e9 le th\u00e9\u00e2tre d\u2019un \u00e9v\u00e9nement in\u00e9dit : l\u2019arrestation de son pr\u00e9sident suspendu, Yoon Suk-YEOL. Accus\u00e9 d\u2019avoir tent\u00e9 d\u2019imposer la loi martiale d\u00e9but d\u00e9cembre, le dirigeant conservateur a vu sa r\u00e9sidence, situ\u00e9e dans un quartier cossu de S\u00e9oul, prise d\u2019assaut par une impressionnante force de l\u2019ordre.<\/p>\n\n\n\n<p>Pr\u00e8s de 3 500 agents, mobilis\u00e9s avant l\u2019aube, ont encercl\u00e9 son domicile, transform\u00e9 depuis des semaines en une v\u00e9ritable forteresse. \u00c0 partir de cinq heures du matin, un bras de fer s\u2019est engag\u00e9 entre les forces de s\u00e9curit\u00e9 pr\u00e9sidentielle et les enqu\u00eateurs du Bureau d&rsquo;enqu\u00eate sur la corruption des hautes personnalit\u00e9s (CIO). L\u2019op\u00e9ration, minutieusement pr\u00e9par\u00e9e apr\u00e8s l\u2019\u00e9chec d\u2019une premi\u00e8re tentative le 3 janvier, a dur\u00e9 plus de cinq heures avant que les barricades ne c\u00e8dent sous la pression des assaillants.<\/p>\n\n\n\n<p>Malgr\u00e9 des n\u00e9gociations de derni\u00e8re minute, Yoon Suk-YEOL a \u00e9t\u00e9 arr\u00eat\u00e9 \u00e0 01h33 TU, refusant jusqu\u2019\u00e0 la fin de porter les menottes. Escort\u00e9 sous haute surveillance, il a quitt\u00e9 sa r\u00e9sidence \u00e0 bord d\u2019un convoi de police, marquant un tournant dans cette crise politique majeure.<\/p>\n\n\n\n<p>Suspendu par les d\u00e9put\u00e9s et d\u00e9sormais accus\u00e9 de r\u00e9bellion, l\u2019ancien chef d\u2019\u00c9tat devra s\u2019expliquer sur sa tentative controvers\u00e9e d\u2019instaurer la loi martiale, une mesure qui a plong\u00e9 le pays dans une tourmente institutionnelle in\u00e9dite. Cette arrestation met fin \u00e0 des semaines de tension, mais ouvre un nouveau chapitre d\u2019incertitude pour la d\u00e9mocratie sud-cor\u00e9enne.<\/p>\n\n\n\n<p><strong>R\u00e9dig\u00e9 par Mamadouba CAMARA<\/strong><\/p>\n","protected":false},"excerpt":{"rendered":"<p>Ce mercredi 15 janvier, la Cor\u00e9e du Sud a \u00e9t\u00e9 le th\u00e9\u00e2tre d\u2019un \u00e9v\u00e9nement in\u00e9dit : l\u2019arrestation de son pr\u00e9sident suspendu, Yoon Suk-YEOL. Accus\u00e9 d\u2019avoir tent\u00e9 d\u2019imposer la loi martiale d\u00e9but d\u00e9cembre, le dirigeant conservateur a vu sa r\u00e9sidence, situ\u00e9e dans un quartier cossu de S\u00e9oul, prise d\u2019assaut par une impressionnante force de l\u2019ordre. Pr\u00e8s [&hellip;]<\/p>\n","protected":false},"author":123458,"featured_media":7442,"comment_status":"open","ping_status":"open","sticky":false,"template":"","format":"standard","meta":{"_acf_changed":false,"footnotes":""},"categories":[11,2],"tags":[],"class_list":["post-7505","post","type-post","status-publish","format-standard","has-post-thumbnail","hentry","category-actualite","category-politique"],"acf":[],"_links":{"self":[{"href":"https:\/\/lereveil224.info\/index.php\/wp-json\/wp\/v2\/posts\/7505","targetHints":{"allow":["GET"]}}],"collection":[{"href":"https:\/\/lereveil224.info\/index.php\/wp-json\/wp\/v2\/posts"}],"about":[{"href":"https:\/\/lereveil224.info\/index.php\/wp-json\/wp\/v2\/types\/post"}],"author":[{"embeddable":true,"href":"https:\/\/lereveil224.info\/index.php\/wp-json\/wp\/v2\/users\/123458"}],"replies":[{"embeddable":true,"href":"https:\/\/lereveil224.info\/index.php\/wp-json\/wp\/v2\/comments?post=7505"}],"version-history":[{"count":1,"href":"https:\/\/lereveil224.info\/index.php\/wp-json\/wp\/v2\/posts\/7505\/revisions"}],"predecessor-version":[{"id":7506,"href":"https:\/\/lereveil224.info\/index.php\/wp-json\/wp\/v2\/posts\/7505\/revisions\/7506"}],"wp:featuredmedia":[{"embeddable":true,"href":"https:\/\/lereveil224.info\/index.php\/wp-json\/wp\/v2\/media\/7442"}],"wp:attachment":[{"href":"https:\/\/lereveil224.info\/index.php\/wp-json\/wp\/v2\/media?parent=7505"}],"wp:term":[{"taxonomy":"category","embeddable":true,"href":"https:\/\/lereveil224.info\/index.php\/wp-json\/wp\/v2\/categories?post=7505"},{"taxonomy":"post_tag","embeddable":true,"href":"https:\/\/lereveil224.info\/index.php\/wp-json\/wp\/v2\/tags?post=7505"}],"curies":[{"name":"wp","href":"https:\/\/api.w.org\/{rel}","templated":true}]}}