{"id":7502,"date":"2025-01-15T06:47:38","date_gmt":"2025-01-15T06:47:38","guid":{"rendered":"https:\/\/lereveil224.info\/?p=7502"},"modified":"2025-01-15T06:47:38","modified_gmt":"2025-01-15T06:47:38","slug":"incendie-du-parlement-liberien-entre-soupcons-tensions-politiques-et-accusations-de-torture","status":"publish","type":"post","link":"https:\/\/lereveil224.info\/index.php\/2025\/01\/15\/incendie-du-parlement-liberien-entre-soupcons-tensions-politiques-et-accusations-de-torture\/","title":{"rendered":"Incendie du Parlement lib\u00e9rien : entre soup\u00e7ons, tensions politiques et accusations de torture"},"content":{"rendered":"\n<p>L\u2019affaire de l\u2019incendie qui a ravag\u00e9 les deux chambres du Parlement lib\u00e9rien, le 18 d\u00e9cembre dernier, prend une tournure inqui\u00e9tante, m\u00ealant accusations, intrigues politiques et all\u00e9gations de mauvais traitements. Thomas Etheridge, agent d\u2019entretien au bureau du pr\u00e9sident de la Chambre des repr\u00e9sentants, Jonathan Fonati Koffa, est d\u00e9sormais au centre de l\u2019attention en tant que principal suspect.<\/p>\n\n\n\n<p>Pr\u00e9sent sur les lieux le jour du drame, Etheridge avait \u00e9t\u00e9 interpell\u00e9 aux premi\u00e8res heures de la journ\u00e9e, consid\u00e9r\u00e9 d\u00e8s lors comme une \u00ab personne d\u2019int\u00e9r\u00eat \u00bb par les autorit\u00e9s. Apr\u00e8s trois semaines d\u2019enqu\u00eate, son statut \u00e9volue, et il est formellement d\u00e9sign\u00e9 suspect. Cependant, lors de sa comparution devant un tribunal de Monrovia le 13 janvier, Etheridge a vivement d\u00e9nonc\u00e9 les traitements qu\u2019il affirme avoir subis en d\u00e9tention. Affaibli, il a d\u00e9clar\u00e9 \u00eatre victime de torture, \u00e9voquant notamment des s\u00e9ances de \u00ab waterboarding \u00bb. Ses accusations, graves, ont conduit \u00e0 l\u2019interruption de l\u2019audience pour qu\u2019il soit transf\u00e9r\u00e9 \u00e0 l\u2019h\u00f4pital.<\/p>\n\n\n\n<p>Parall\u00e8lement, quatre proches de Jonathan Fonati Koffa ont \u00e9galement \u00e9t\u00e9 arr\u00eat\u00e9s. Trois d\u2019entre eux ont \u00e9t\u00e9 appr\u00e9hend\u00e9s apr\u00e8s une rencontre avec le pr\u00e9sident de la Chambre des repr\u00e9sentants, tandis que le quatri\u00e8me est accus\u00e9 d\u2019avoir diffus\u00e9 des menaces incendiaires sur les r\u00e9seaux sociaux.<\/p>\n\n\n\n<p>Cette affaire ne se limite pas \u00e0 des enjeux judiciaires. Elle refl\u00e8te une tension politique croissante, alors que Jonathan Fonati Koffa est de plus en plus contest\u00e9. Une majorit\u00e9 de d\u00e9put\u00e9s exige sa d\u00e9mission, et l\u2019opposition, men\u00e9e par le Congr\u00e8s pour le changement d\u00e9mocratique, accuse le pouvoir d\u2019instrumentaliser l\u2019incident pour pr\u00e9cipiter son d\u00e9part. Dans un contexte marqu\u00e9 par la proximit\u00e9 du discours annuel du pr\u00e9sident Joseph Boakai, pr\u00e9vu le 30 janvier, le lieu habituel de l\u2019\u00e9v\u00e9nement \u2013 le Parlement \u2013 demeure inutilisable en raison des d\u00e9g\u00e2ts caus\u00e9s par l\u2019incendie.<\/p>\n\n\n\n<p>Alors que le Liberia retient son souffle, l\u2019enqu\u00eate devra d\u00e9m\u00ealer les responsabilit\u00e9s dans ce drame qui m\u00eale all\u00e9gations criminelles et luttes de pouvoir.<\/p>\n\n\n\n<p><strong>Mamadouba CAMARA<\/strong><\/p>\n","protected":false},"excerpt":{"rendered":"<p>L\u2019affaire de l\u2019incendie qui a ravag\u00e9 les deux chambres du Parlement lib\u00e9rien, le 18 d\u00e9cembre dernier, prend une tournure inqui\u00e9tante, m\u00ealant accusations, intrigues politiques et all\u00e9gations de mauvais traitements. Thomas Etheridge, agent d\u2019entretien au bureau du pr\u00e9sident de la Chambre des repr\u00e9sentants, Jonathan Fonati Koffa, est d\u00e9sormais au centre de l\u2019attention en tant que principal [&hellip;]<\/p>\n","protected":false},"author":123458,"featured_media":7503,"comment_status":"open","ping_status":"open","sticky":false,"template":"","format":"standard","meta":{"_acf_changed":false,"footnotes":""},"categories":[11,2],"tags":[],"class_list":["post-7502","post","type-post","status-publish","format-standard","has-post-thumbnail","hentry","category-actualite","category-politique"],"acf":[],"_links":{"self":[{"href":"https:\/\/lereveil224.info\/index.php\/wp-json\/wp\/v2\/posts\/7502","targetHints":{"allow":["GET"]}}],"collection":[{"href":"https:\/\/lereveil224.info\/index.php\/wp-json\/wp\/v2\/posts"}],"about":[{"href":"https:\/\/lereveil224.info\/index.php\/wp-json\/wp\/v2\/types\/post"}],"author":[{"embeddable":true,"href":"https:\/\/lereveil224.info\/index.php\/wp-json\/wp\/v2\/users\/123458"}],"replies":[{"embeddable":true,"href":"https:\/\/lereveil224.info\/index.php\/wp-json\/wp\/v2\/comments?post=7502"}],"version-history":[{"count":1,"href":"https:\/\/lereveil224.info\/index.php\/wp-json\/wp\/v2\/posts\/7502\/revisions"}],"predecessor-version":[{"id":7504,"href":"https:\/\/lereveil224.info\/index.php\/wp-json\/wp\/v2\/posts\/7502\/revisions\/7504"}],"wp:featuredmedia":[{"embeddable":true,"href":"https:\/\/lereveil224.info\/index.php\/wp-json\/wp\/v2\/media\/7503"}],"wp:attachment":[{"href":"https:\/\/lereveil224.info\/index.php\/wp-json\/wp\/v2\/media?parent=7502"}],"wp:term":[{"taxonomy":"category","embeddable":true,"href":"https:\/\/lereveil224.info\/index.php\/wp-json\/wp\/v2\/categories?post=7502"},{"taxonomy":"post_tag","embeddable":true,"href":"https:\/\/lereveil224.info\/index.php\/wp-json\/wp\/v2\/tags?post=7502"}],"curies":[{"name":"wp","href":"https:\/\/api.w.org\/{rel}","templated":true}]}}