{"id":7471,"date":"2025-01-12T17:18:51","date_gmt":"2025-01-12T17:18:51","guid":{"rendered":"https:\/\/lereveil224.info\/?p=7471"},"modified":"2025-01-12T17:18:52","modified_gmt":"2025-01-12T17:18:52","slug":"lola-le-mouvement-jeunesse-forestiere-pour-la-continuite-jfc-mobilise-les-populations-pour-soutenir-les-actions-du-cnrd","status":"publish","type":"post","link":"https:\/\/lereveil224.info\/index.php\/2025\/01\/12\/lola-le-mouvement-jeunesse-forestiere-pour-la-continuite-jfc-mobilise-les-populations-pour-soutenir-les-actions-du-cnrd\/","title":{"rendered":"Lola: Le Mouvement Jeunesse Foresti\u00e8re pour la Continuit\u00e9 (JFC) mobilise les populations pour soutenir les actions du CNRD"},"content":{"rendered":"\n<p>Le terrain de la sous-pr\u00e9fecture de Gueasso, relevant de la pr\u00e9fecture de Beyla, a \u00e9t\u00e9 le cadre choisi par la Jeunesse Foresti\u00e8re pour la Continuit\u00e9, pour l&rsquo;organisation du tournoi de football dot\u00e9 du troph\u00e9e Commandant Ousmane BAMBA, ce 10 janvier 2025.<\/p>\n\n\n\n<p>En effet, c&rsquo;est le cadre du soutien aux actions du CNRD, sous la clairvoyance du G\u00e9n\u00e9ral Mamadi Doumbouya, que cette initiative de la jeunesse Foresti\u00e8re pour la Continuit\u00e9 a port\u00e9 son choix sur Commandant Ousmane Bamba, compte tenu de son soutien et de son apport, pour la r\u00e9ussite des actions du pr\u00e9sident de la r\u00e9publique en for\u00eat.<br>D\u00e9but\u00e9 le 28 novembre 2024, cette premi\u00e8re \u00e9dition a regroup\u00e9e 24 \u00e9quipes, r\u00e9partis en 6 poules de 4 equipes chacune.<\/p>\n\n\n\n<figure class=\"wp-block-image size-full\"><img fetchpriority=\"high\" decoding=\"async\" width=\"960\" height=\"985\" src=\"https:\/\/lereveil224.info\/wp-content\/uploads\/2025\/01\/IMG-20250112-WA0003_1.jpg\" alt=\"\" class=\"wp-image-7475\" srcset=\"https:\/\/lereveil224.info\/wp-content\/uploads\/2025\/01\/IMG-20250112-WA0003_1.jpg 960w, https:\/\/lereveil224.info\/wp-content\/uploads\/2025\/01\/IMG-20250112-WA0003_1-292x300.jpg 292w, https:\/\/lereveil224.info\/wp-content\/uploads\/2025\/01\/IMG-20250112-WA0003_1-768x788.jpg 768w\" sizes=\"(max-width: 960px) 100vw, 960px\" \/><\/figure>\n\n\n\n<p>Revenant sur les motivations r\u00e9elles de cette organisation la Coordinatrice pr\u00e9fectorale de la JFC Lola Madame SAGNO kani Antoinette pr\u00e9cise &lt; nous jugeons les personnes en fonction de ce qu&rsquo;elles posent comme acte. Le choix de Commandant Ousmane BAMBA, pour lui donner le nom de la premi\u00e8re \u00e9dition, est la cons\u00e9cration de son engagement, de sa volont\u00e9 et de son appui constant aux actions du pr\u00e9sident de la r\u00e9publique Son Excellence G\u00e9n\u00e9ral Mamadi DOUMBOUYA, en for\u00eat. Mais aussi de l&rsquo;oreille attentive qu&rsquo;il accorde \u00e0 la jeunesse Foresti\u00e8re en g\u00e9n\u00e9rale et celle de Gueasso en particulier \u00e0 chaque fois qu&rsquo;on a eu besoin de lui. C&rsquo;est pourquoi nous lui remercions et nous lui r\u00e9it\u00e9rons de n\u00f4tre engagement, soutien et d\u00e9termination \u00e0 soutenir le CNRD en sa t\u00eate le G\u00e9n\u00e9ral Mamadi DOUMBOUYA>.<\/p>\n\n\n\n<p>Poursuivant il pr\u00e9cise &lt; tout au long de ce tournoi, nous avons v\u00e9hicul\u00e9s les messages de paix, d&rsquo;unit\u00e9 et de coh\u00e9sion sociale. Mais aussi nous sommes revenus sur les diff\u00e9rents acquis de la gouvernance du g\u00e9n\u00e9ral Mamadi DOUMBOUYA. Dont e m\u00e9ga projet Simandou 2040, qui est l&rsquo;espoir de la jeunesse. C&rsquo;est pourquoi nous disons oui \u00e0 la Continuit\u00e9 dans le d\u00e9veloppement>. Conclura Madame SAGNO Kani Antoinette.<\/p>\n\n\n\n<figure class=\"wp-block-image size-full\"><img decoding=\"async\" width=\"472\" height=\"419\" src=\"https:\/\/lereveil224.info\/wp-content\/uploads\/2025\/01\/IMG-20250112-WA0002_1.jpg\" alt=\"\" class=\"wp-image-7474\" srcset=\"https:\/\/lereveil224.info\/wp-content\/uploads\/2025\/01\/IMG-20250112-WA0002_1.jpg 472w, https:\/\/lereveil224.info\/wp-content\/uploads\/2025\/01\/IMG-20250112-WA0002_1-300x266.jpg 300w\" sizes=\"(max-width: 472px) 100vw, 472px\" \/><\/figure>\n\n\n\n<figure class=\"wp-block-image size-full\"><img decoding=\"async\" width=\"472\" height=\"419\" src=\"https:\/\/lereveil224.info\/wp-content\/uploads\/2025\/01\/IMG-20250112-WA0002_1.jpg\" alt=\"\" class=\"wp-image-7474\" srcset=\"https:\/\/lereveil224.info\/wp-content\/uploads\/2025\/01\/IMG-20250112-WA0002_1.jpg 472w, https:\/\/lereveil224.info\/wp-content\/uploads\/2025\/01\/IMG-20250112-WA0002_1-300x266.jpg 300w\" sizes=\"(max-width: 472px) 100vw, 472px\" \/><\/figure>\n\n\n\n<p>Pour Ibrahima SOUMAORO, coordinateur r\u00e9gional du Mouvement Jeunesse Foresti\u00e8re pour la Continuit\u00e9 &lt; cette organisation ne me surprend pas. Car on dit souvent que la reconnaissance est l&rsquo;\u0153uvre des hommes forts. Reconna\u00eetre les actions du Pr\u00e9sident de la r\u00e9publique son excellence g\u00e9n\u00e9ral Mamadi DOUMBOUYA, \u00e0 travers ce grand tournois de football dot\u00e9 du troph\u00e9e Commandant Ousmane BAMBA, me va droit au c\u0153ur. C&rsquo;est juste pour dire que la jeunesse de Gueasso et celle de Lola, s&rsquo;identifient aux actions pos\u00e9es par le pr\u00e9sident. Mais aussi reconnaissent l&rsquo;effort du Commandant Ousmane BAMBA, \u00e0 travers don soutien et de sa loyaut\u00e9 au pr\u00e9sident de la r\u00e9publique, le g\u00e9n\u00e9ral d&rsquo;arm\u00e9e Mamadi DOUMBOUYA >.<\/p>\n\n\n\n<p>A noter que cette grande finale qui a oppos\u00e9e l&rsquo;\u00e9quipe de Moribadou \u00e0 celle de T\u00d4N\u00d4 apr\u00e8s 90 minutes, a vu l&rsquo;\u00e9quipe de T\u00d4N\u00d4 remport\u00e9es la finale gr\u00e2ce aux \u00e9preuves des tirs aux buts. Elle connue la participation des autorit\u00e9s locales, la notabilit\u00e9s ainsi que de plusieurs autres cadres.<br>Tr\u00e8s engager dans le cadre du soutien au CNRD, la JFC, compte multiplier ces actions \u00e0 travers des campagnes de sensibilisations et d&rsquo;autres tournoi dans les diff\u00e9rentes localit\u00e9s de la for\u00eat.<\/p>\n\n\n\n<p><strong>David KALIVOGUI<\/strong><\/p>\n","protected":false},"excerpt":{"rendered":"<p>Le terrain de la sous-pr\u00e9fecture de Gueasso, relevant de la pr\u00e9fecture de Beyla, a \u00e9t\u00e9 le cadre choisi par la Jeunesse Foresti\u00e8re pour la Continuit\u00e9, pour l&rsquo;organisation du tournoi de football dot\u00e9 du troph\u00e9e Commandant Ousmane BAMBA, ce 10 janvier 2025. En effet, c&rsquo;est le cadre du soutien aux actions du CNRD, sous la clairvoyance [&hellip;]<\/p>\n","protected":false},"author":123458,"featured_media":7473,"comment_status":"open","ping_status":"open","sticky":false,"template":"","format":"standard","meta":{"_acf_changed":false,"footnotes":""},"categories":[11],"tags":[],"class_list":["post-7471","post","type-post","status-publish","format-standard","has-post-thumbnail","hentry","category-actualite"],"acf":[],"_links":{"self":[{"href":"https:\/\/lereveil224.info\/index.php\/wp-json\/wp\/v2\/posts\/7471","targetHints":{"allow":["GET"]}}],"collection":[{"href":"https:\/\/lereveil224.info\/index.php\/wp-json\/wp\/v2\/posts"}],"about":[{"href":"https:\/\/lereveil224.info\/index.php\/wp-json\/wp\/v2\/types\/post"}],"author":[{"embeddable":true,"href":"https:\/\/lereveil224.info\/index.php\/wp-json\/wp\/v2\/users\/123458"}],"replies":[{"embeddable":true,"href":"https:\/\/lereveil224.info\/index.php\/wp-json\/wp\/v2\/comments?post=7471"}],"version-history":[{"count":3,"href":"https:\/\/lereveil224.info\/index.php\/wp-json\/wp\/v2\/posts\/7471\/revisions"}],"predecessor-version":[{"id":7477,"href":"https:\/\/lereveil224.info\/index.php\/wp-json\/wp\/v2\/posts\/7471\/revisions\/7477"}],"wp:featuredmedia":[{"embeddable":true,"href":"https:\/\/lereveil224.info\/index.php\/wp-json\/wp\/v2\/media\/7473"}],"wp:attachment":[{"href":"https:\/\/lereveil224.info\/index.php\/wp-json\/wp\/v2\/media?parent=7471"}],"wp:term":[{"taxonomy":"category","embeddable":true,"href":"https:\/\/lereveil224.info\/index.php\/wp-json\/wp\/v2\/categories?post=7471"},{"taxonomy":"post_tag","embeddable":true,"href":"https:\/\/lereveil224.info\/index.php\/wp-json\/wp\/v2\/tags?post=7471"}],"curies":[{"name":"wp","href":"https:\/\/api.w.org\/{rel}","templated":true}]}}