{"id":7468,"date":"2025-01-11T16:32:07","date_gmt":"2025-01-11T16:32:07","guid":{"rendered":"https:\/\/lereveil224.info\/?p=7468"},"modified":"2025-01-11T16:32:07","modified_gmt":"2025-01-11T16:32:07","slug":"kalemodou-yansane-defend-cellou-dalein-diallo-et-lance-un-appel-a-lapaisement","status":"publish","type":"post","link":"https:\/\/lereveil224.info\/index.php\/2025\/01\/11\/kalemodou-yansane-defend-cellou-dalein-diallo-et-lance-un-appel-a-lapaisement\/","title":{"rendered":"Kal\u00e9modou YANSAN\u00c9 D\u00e9fend Cellou Dalein DIALLO et Lance un Appel \u00e0 l\u2019Apaisement"},"content":{"rendered":"\n<p>Lors de l\u2019assembl\u00e9e g\u00e9n\u00e9rale de l\u2019Union des Forces D\u00e9mocratiques de Guin\u00e9e (UFDG) tenue ce samedi 11 janvier 2025, le vice-pr\u00e9sident charg\u00e9 des questions \u00e9conomiques, Kal\u00e9modou YANSAN\u00c9, a pris la parole pour d\u00e9fendre le leader du parti, Cellou Dalein DIALLO, cible de critiques r\u00e9p\u00e9t\u00e9es, particuli\u00e8rement en cette p\u00e9riode de transition politique.<\/p>\n\n\n\n<p>Kal\u00e9modou YANSAN\u00c9 a fermement contest\u00e9 les attaques qualifiant Cellou Dalein DIALLO de \u00ab peureux \u00bb, affirmant que de telles accusations sont infond\u00e9es et injustes. Illustrant son propos par une analogie \u00e9vocatrice, il a d\u00e9clar\u00e9 : \u00ab M\u00eame dans les couples, lorsque vous \u00eates mari\u00e9s avec un homme ou une femme et que vous vous s\u00e9parez, r\u00e9servez une petite partie de votre c\u0153ur pour les meilleurs moments pass\u00e9s ensemble. \u00bb<\/p>\n\n\n\n<p>L\u2019ancien d\u00e9put\u00e9 a \u00e9galement d\u00e9nonc\u00e9 l\u2019attitude de certains anciens membres influents de l\u2019UFDG, qui critiquent aujourd\u2019hui le parti et son leader apr\u00e8s avoir b\u00e9n\u00e9fici\u00e9 de leur soutien. Il a regrett\u00e9 que ces personnes, autrefois loyales, alimentent d\u00e9sormais des divisions et des confrontations, notamment \u00e0 travers les r\u00e9seaux sociaux. \u00ab Vous avez fait un choix, assumez-le. Laissez l\u2019UFDG et ses militants tranquilles, comme nous vous laissons tranquilles \u00bb, a-t-il exhort\u00e9.<\/p>\n\n\n\n<p>Appelant \u00e0 l\u2019apaisement et \u00e0 la tol\u00e9rance, Kal\u00e9modou YANSAN\u00c9 a rappel\u00e9 que les chemins en politique peuvent se croiser \u00e0 nouveau, malgr\u00e9 les divergences. \u00ab On ne dit jamais en politique, jamais. Peut-\u00eatre que parmi eux, certains se retrouveront encore ici. C\u2019est \u00e7a, la vie \u00bb, a-t-il conclu, r\u00e9it\u00e9rant la volont\u00e9 de l\u2019UFDG de ne souhaiter de mal \u00e0 personne.<\/p>\n\n\n\n<p>Un message fort qui, au-del\u00e0 de la d\u00e9fense de Cellou Dalein DIALLO, r\u00e9affirme l\u2019engagement de l\u2019UFDG \u00e0 \u0153uvrer pour la paix et l\u2019unit\u00e9 dans un contexte politique marqu\u00e9 par de nombreux d\u00e9fis.<\/p>\n\n\n\n<p><strong>Mamadouba CAMARA<\/strong><\/p>\n","protected":false},"excerpt":{"rendered":"<p>Lors de l\u2019assembl\u00e9e g\u00e9n\u00e9rale de l\u2019Union des Forces D\u00e9mocratiques de Guin\u00e9e (UFDG) tenue ce samedi 11 janvier 2025, le vice-pr\u00e9sident charg\u00e9 des questions \u00e9conomiques, Kal\u00e9modou YANSAN\u00c9, a pris la parole pour d\u00e9fendre le leader du parti, Cellou Dalein DIALLO, cible de critiques r\u00e9p\u00e9t\u00e9es, particuli\u00e8rement en cette p\u00e9riode de transition politique. Kal\u00e9modou YANSAN\u00c9 a fermement contest\u00e9 [&hellip;]<\/p>\n","protected":false},"author":123458,"featured_media":7469,"comment_status":"open","ping_status":"open","sticky":false,"template":"","format":"standard","meta":{"_acf_changed":false,"footnotes":""},"categories":[11,2],"tags":[],"class_list":["post-7468","post","type-post","status-publish","format-standard","has-post-thumbnail","hentry","category-actualite","category-politique"],"acf":[],"_links":{"self":[{"href":"https:\/\/lereveil224.info\/index.php\/wp-json\/wp\/v2\/posts\/7468","targetHints":{"allow":["GET"]}}],"collection":[{"href":"https:\/\/lereveil224.info\/index.php\/wp-json\/wp\/v2\/posts"}],"about":[{"href":"https:\/\/lereveil224.info\/index.php\/wp-json\/wp\/v2\/types\/post"}],"author":[{"embeddable":true,"href":"https:\/\/lereveil224.info\/index.php\/wp-json\/wp\/v2\/users\/123458"}],"replies":[{"embeddable":true,"href":"https:\/\/lereveil224.info\/index.php\/wp-json\/wp\/v2\/comments?post=7468"}],"version-history":[{"count":1,"href":"https:\/\/lereveil224.info\/index.php\/wp-json\/wp\/v2\/posts\/7468\/revisions"}],"predecessor-version":[{"id":7470,"href":"https:\/\/lereveil224.info\/index.php\/wp-json\/wp\/v2\/posts\/7468\/revisions\/7470"}],"wp:featuredmedia":[{"embeddable":true,"href":"https:\/\/lereveil224.info\/index.php\/wp-json\/wp\/v2\/media\/7469"}],"wp:attachment":[{"href":"https:\/\/lereveil224.info\/index.php\/wp-json\/wp\/v2\/media?parent=7468"}],"wp:term":[{"taxonomy":"category","embeddable":true,"href":"https:\/\/lereveil224.info\/index.php\/wp-json\/wp\/v2\/categories?post=7468"},{"taxonomy":"post_tag","embeddable":true,"href":"https:\/\/lereveil224.info\/index.php\/wp-json\/wp\/v2\/tags?post=7468"}],"curies":[{"name":"wp","href":"https:\/\/api.w.org\/{rel}","templated":true}]}}