{"id":7466,"date":"2025-01-11T15:58:32","date_gmt":"2025-01-11T15:58:32","guid":{"rendered":"https:\/\/lereveil224.info\/?p=7466"},"modified":"2025-01-11T15:58:33","modified_gmt":"2025-01-11T15:58:33","slug":"model-en-lutte-mobilisation-pour-la-liberation-daliou-bah","status":"publish","type":"post","link":"https:\/\/lereveil224.info\/index.php\/2025\/01\/11\/model-en-lutte-mobilisation-pour-la-liberation-daliou-bah\/","title":{"rendered":"MoDeL en Lutte : Mobilisation pour la Lib\u00e9ration d&rsquo;Aliou BAH"},"content":{"rendered":"\n<p>Ce samedi 11 janvier 2025, le Mouvement D\u00e9mocratique Lib\u00e9ral (MoDeL) a marqu\u00e9 un tournant d\u00e9cisif dans son combat pour la justice. Suite \u00e0 la condamnation de leur leader, Aliou BAH, par le Tribunal de Premi\u00e8re Instance de Kaloum \u00e0 deux ans de prison ferme pour offense et diffamation contre le chef de l\u2019\u00c9tat, les militants du parti ont pris la rue pour exprimer leur indignation et r\u00e9clamer sa lib\u00e9ration.<\/p>\n\n\n\n<p>La journ\u00e9e a \u00e9t\u00e9 rythm\u00e9e par un sit-in organis\u00e9 \u00e0 la fois pour mobiliser les sympathisants et mettre la pression sur les autorit\u00e9s. Pr\u00e9vu pour durer jusqu\u2019\u00e0 18 heures, cet \u00e9v\u00e9nement a \u00e9t\u00e9 pens\u00e9 comme une v\u00e9ritable d\u00e9monstration de solidarit\u00e9 et de r\u00e9sistance face \u00e0 ce que le MoDeL qualifie d\u2019\u00ab injustice flagrante \u00bb. Les militants, habill\u00e9s de t-shirts et portant des pancartes arborant des slogans tels que \u00ab Justice pour Aliou BAH \u00bb, \u00ab Non \u00e0 l\u2019injustice \u00bb ou encore \u00ab Free Aliou BAH \u00bb, ont clairement affich\u00e9 leur d\u00e9termination \u00e0 ne pas baisser les bras.<\/p>\n\n\n\n<p>Parmi les actions phares du sit-in, une minute de silence a \u00e9t\u00e9 observ\u00e9e en hommage \u00e0 Aliou BAH, suivie de t\u00e9moignages poignants de figures des droits de l\u2019homme et de responsables politiques. Ces prises de parole ont mis en lumi\u00e8re le combat non seulement pour un homme, mais aussi pour les principes de justice et de libert\u00e9 d\u2019expression que le parti d\u00e9fend avec ferveur.<\/p>\n\n\n\n<p>En parall\u00e8le, des s\u00e9ances de sensibilisation et de concertation ont \u00e9t\u00e9 organis\u00e9es au sein du mouvement pour renforcer l\u2019unit\u00e9 et galvaniser les militants autour de leur objectif commun. Ces \u00e9changes ont permis de r\u00e9affirmer l\u2019engagement collectif et de poser les bases d\u2019une strat\u00e9gie de mobilisation \u00e0 l\u2019\u00e9chelle nationale.<\/p>\n\n\n\n<p>Le MoDeL a \u00e9galement annonc\u00e9 son intention d\u2019\u00e9tendre le mouvement dans les jours \u00e0 venir. Les diff\u00e9rentes sections politiques \u00e0 l\u2019int\u00e9rieur du pays seront mobilis\u00e9es pour organiser des actions similaires, amplifiant ainsi la voix des militants et celle de tous ceux qui d\u00e9noncent cette condamnation.<\/p>\n\n\n\n<p>Dans un contexte politique tendu, cette mobilisation d\u00e9montre une volont\u00e9 farouche de d\u00e9fendre les id\u00e9aux d\u00e9mocratiques et de contester ce que le parti consid\u00e8re comme une d\u00e9rive autoritaire. Pour le MoDeL, ce combat d\u00e9passe la personne d\u2019Aliou BAH ; il s\u2019agit d\u2019un enjeu national, d\u2019une lutte pour la v\u00e9rit\u00e9 et l\u2019\u00e9quit\u00e9.<\/p>\n\n\n\n<p><strong>Mamadouba CAMARA<\/strong><\/p>\n","protected":false},"excerpt":{"rendered":"<p>Ce samedi 11 janvier 2025, le Mouvement D\u00e9mocratique Lib\u00e9ral (MoDeL) a marqu\u00e9 un tournant d\u00e9cisif dans son combat pour la justice. Suite \u00e0 la condamnation de leur leader, Aliou BAH, par le Tribunal de Premi\u00e8re Instance de Kaloum \u00e0 deux ans de prison ferme pour offense et diffamation contre le chef de l\u2019\u00c9tat, les militants [&hellip;]<\/p>\n","protected":false},"author":123458,"featured_media":7442,"comment_status":"open","ping_status":"open","sticky":false,"template":"","format":"standard","meta":{"_acf_changed":false,"footnotes":""},"categories":[11,2],"tags":[],"class_list":["post-7466","post","type-post","status-publish","format-standard","has-post-thumbnail","hentry","category-actualite","category-politique"],"acf":[],"_links":{"self":[{"href":"https:\/\/lereveil224.info\/index.php\/wp-json\/wp\/v2\/posts\/7466","targetHints":{"allow":["GET"]}}],"collection":[{"href":"https:\/\/lereveil224.info\/index.php\/wp-json\/wp\/v2\/posts"}],"about":[{"href":"https:\/\/lereveil224.info\/index.php\/wp-json\/wp\/v2\/types\/post"}],"author":[{"embeddable":true,"href":"https:\/\/lereveil224.info\/index.php\/wp-json\/wp\/v2\/users\/123458"}],"replies":[{"embeddable":true,"href":"https:\/\/lereveil224.info\/index.php\/wp-json\/wp\/v2\/comments?post=7466"}],"version-history":[{"count":1,"href":"https:\/\/lereveil224.info\/index.php\/wp-json\/wp\/v2\/posts\/7466\/revisions"}],"predecessor-version":[{"id":7467,"href":"https:\/\/lereveil224.info\/index.php\/wp-json\/wp\/v2\/posts\/7466\/revisions\/7467"}],"wp:featuredmedia":[{"embeddable":true,"href":"https:\/\/lereveil224.info\/index.php\/wp-json\/wp\/v2\/media\/7442"}],"wp:attachment":[{"href":"https:\/\/lereveil224.info\/index.php\/wp-json\/wp\/v2\/media?parent=7466"}],"wp:term":[{"taxonomy":"category","embeddable":true,"href":"https:\/\/lereveil224.info\/index.php\/wp-json\/wp\/v2\/categories?post=7466"},{"taxonomy":"post_tag","embeddable":true,"href":"https:\/\/lereveil224.info\/index.php\/wp-json\/wp\/v2\/tags?post=7466"}],"curies":[{"name":"wp","href":"https:\/\/api.w.org\/{rel}","templated":true}]}}