{"id":7463,"date":"2025-01-11T12:01:12","date_gmt":"2025-01-11T12:01:12","guid":{"rendered":"https:\/\/lereveil224.info\/?p=7463"},"modified":"2025-01-11T12:01:13","modified_gmt":"2025-01-11T12:01:13","slug":"le-dernier-adieu-a-mamady-sinkoun-kaba-la-guinee-en-deuil","status":"publish","type":"post","link":"https:\/\/lereveil224.info\/index.php\/2025\/01\/11\/le-dernier-adieu-a-mamady-sinkoun-kaba-la-guinee-en-deuil\/","title":{"rendered":"Le Dernier Adieu \u00e0 Mamady Sinkoun KABA : La Guin\u00e9e en Deuil"},"content":{"rendered":"\n<p>L\u2019ancien directeur national du protocole d\u2019\u00c9tat sous le r\u00e9gime d\u2019Alpha COND\u00c9, Mamady Sinkoun KABA, s\u2019est \u00e9teint au Maroc des suites d\u2019une maladie. La triste nouvelle a \u00e9t\u00e9 confirm\u00e9e par l\u2019ancien pr\u00e9sident lui-m\u00eame, qui a exprim\u00e9 son \u00e9motion dans une publication \u00e9mouvante sur Facebook.<\/p>\n\n\n\n<p>\u00ab C\u2019est avec une profonde tristesse et une peine profonde que j\u2019annonce le rappel \u00e0 Dieu de mon fils bien-aim\u00e9 Mamady Sinkoun KABA, directeur national du protocole d\u2019\u00c9tat. Que son \u00e2me repose en paix. Mes pens\u00e9es \u00e0 Hadja Rhokhoya, sa m\u00e8re, et ses s\u0153urs ainsi qu\u2019\u00e0 toute la famille. Mes condol\u00e9ances \u00e0 tous les militants et collaborateurs qui l\u2019ont tant aim\u00e9 \u00bb, a-t-il \u00e9crit.<\/p>\n\n\n\n<p>Figure embl\u00e9matique de l\u2019appareil protocolaire de l\u2019\u00c9tat guin\u00e9en, Mamady Sinkoun KABA a marqu\u00e9 son \u00e9poque par son d\u00e9vouement et son professionnalisme au service de la pr\u00e9sidence. Sa disparition laisse un grand vide au sein de sa famille, parmi ses proches, mais aussi dans le c\u0153ur de nombreux Guin\u00e9ens qui l\u2019ont connu et appr\u00e9ci\u00e9.<\/p>\n\n\n\n<p>Alors que les hommages affluent de toutes parts, cette perte rappelle la fragilit\u00e9 de la vie et l\u2019importance des souvenirs laiss\u00e9s par des hommes de valeur.<\/p>\n\n\n\n<p><strong>Mamadouba CAMARA.<\/strong><\/p>\n","protected":false},"excerpt":{"rendered":"<p>L\u2019ancien directeur national du protocole d\u2019\u00c9tat sous le r\u00e9gime d\u2019Alpha COND\u00c9, Mamady Sinkoun KABA, s\u2019est \u00e9teint au Maroc des suites d\u2019une maladie. La triste nouvelle a \u00e9t\u00e9 confirm\u00e9e par l\u2019ancien pr\u00e9sident lui-m\u00eame, qui a exprim\u00e9 son \u00e9motion dans une publication \u00e9mouvante sur Facebook. \u00ab C\u2019est avec une profonde tristesse et une peine profonde que j\u2019annonce [&hellip;]<\/p>\n","protected":false},"author":123458,"featured_media":7464,"comment_status":"open","ping_status":"open","sticky":false,"template":"","format":"standard","meta":{"_acf_changed":false,"footnotes":""},"categories":[11],"tags":[],"class_list":["post-7463","post","type-post","status-publish","format-standard","has-post-thumbnail","hentry","category-actualite"],"acf":[],"_links":{"self":[{"href":"https:\/\/lereveil224.info\/index.php\/wp-json\/wp\/v2\/posts\/7463","targetHints":{"allow":["GET"]}}],"collection":[{"href":"https:\/\/lereveil224.info\/index.php\/wp-json\/wp\/v2\/posts"}],"about":[{"href":"https:\/\/lereveil224.info\/index.php\/wp-json\/wp\/v2\/types\/post"}],"author":[{"embeddable":true,"href":"https:\/\/lereveil224.info\/index.php\/wp-json\/wp\/v2\/users\/123458"}],"replies":[{"embeddable":true,"href":"https:\/\/lereveil224.info\/index.php\/wp-json\/wp\/v2\/comments?post=7463"}],"version-history":[{"count":1,"href":"https:\/\/lereveil224.info\/index.php\/wp-json\/wp\/v2\/posts\/7463\/revisions"}],"predecessor-version":[{"id":7465,"href":"https:\/\/lereveil224.info\/index.php\/wp-json\/wp\/v2\/posts\/7463\/revisions\/7465"}],"wp:featuredmedia":[{"embeddable":true,"href":"https:\/\/lereveil224.info\/index.php\/wp-json\/wp\/v2\/media\/7464"}],"wp:attachment":[{"href":"https:\/\/lereveil224.info\/index.php\/wp-json\/wp\/v2\/media?parent=7463"}],"wp:term":[{"taxonomy":"category","embeddable":true,"href":"https:\/\/lereveil224.info\/index.php\/wp-json\/wp\/v2\/categories?post=7463"},{"taxonomy":"post_tag","embeddable":true,"href":"https:\/\/lereveil224.info\/index.php\/wp-json\/wp\/v2\/tags?post=7463"}],"curies":[{"name":"wp","href":"https:\/\/api.w.org\/{rel}","templated":true}]}}