{"id":7458,"date":"2025-01-10T09:18:13","date_gmt":"2025-01-10T09:18:13","guid":{"rendered":"https:\/\/lereveil224.info\/?p=7458"},"modified":"2025-01-10T09:18:14","modified_gmt":"2025-01-10T09:18:14","slug":"demolition-a-foulamadina-desarroi-et-appels-au-secours-des-commercants","status":"publish","type":"post","link":"https:\/\/lereveil224.info\/index.php\/2025\/01\/10\/demolition-a-foulamadina-desarroi-et-appels-au-secours-des-commercants\/","title":{"rendered":"D\u00e9molition \u00e0 Foulamadina : d\u00e9sarroi et appels au secours des commer\u00e7ants"},"content":{"rendered":"\n<p>Le march\u00e9 de Foulamadina, un des points n\u00e9vralgiques de la commune de Sonfonia \u00e0 Conakry, vit une d\u00e9molition sans pr\u00e9c\u00e9dent depuis le mercredi 8 janvier 2025. Cette op\u00e9ration, men\u00e9e dans le cadre de l\u2019\u00e9radication des zones criminog\u00e8nes, plonge de nombreux commer\u00e7ants dans une profonde incertitude.<\/p>\n\n\n\n<p>Les autorit\u00e9s affirment que cette mesure vise \u00e0 d\u00e9barrasser la zone des activit\u00e9s illicites, notamment des bandes criminelles et des pratiques de prostitution. Mais pour les commer\u00e7ants, c\u2019est un coup dur. M\u2019mawa CAMARA, qui tenait deux magasins dans le march\u00e9, a vu sa vie basculer en l\u2019espace de quelques heures. \u00ab Les autorit\u00e9s nous avaient pr\u00e9venus qu\u2019elles viendraient pour d\u00e9molir, en affirmant qu\u2019il y avait des bandits et des prostitu\u00e9es ici. Pourtant, nos boutiques ne sont pas des lieux de d\u00e9bauche. Nous ne faisions que travailler pour nourrir nos familles. \u00bb<\/p>\n\n\n\n<p>Alert\u00e9e par des voisins, elle a d\u00fb se pr\u00e9cipiter pour sauver ses marchandises. \u00ab Quand ils ont commenc\u00e9, j\u2019\u00e9tais chez moi. Des gens m\u2019ont appel\u00e9e pour me dire que les d\u00e9molitions avaient commenc\u00e9. J\u2019ai rapidement vid\u00e9 mes deux magasins et ramen\u00e9 tout chez moi. Mais aujourd\u2019hui, je ne sais plus quoi faire. Je suis veuve, j\u2019ai des enfants \u00e0 nourrir, \u00e0 habiller, et \u00e0 envoyer \u00e0 l\u2019\u00e9cole. Comment vais-je m\u2019en sortir ? \u00bb<\/p>\n\n\n\n<p>M\u2019mawa n\u2019est pas la seule dans cette situation. Beaucoup de commer\u00e7ants d\u00e9noncent le manque de pr\u00e9paration et de solutions de relogement. Selon eux, les autorit\u00e9s avaient initialement assur\u00e9 que leurs boutiques n\u2019\u00e9taient pas concern\u00e9es par la d\u00e9molition. \u00ab Ils avaient marqu\u00e9 d\u2019une croix les lieux cibl\u00e9s et nous avaient dit que nos magasins \u00e9taient \u00e9pargn\u00e9s. Pourquoi ont-ils chang\u00e9 d\u2019avis ? Ici, il n\u2019y avait que des commer\u00e7ants honn\u00eates. Les zones probl\u00e9matiques sont ailleurs \u00bb, explique-t-elle avec amertume.<\/p>\n\n\n\n<p>Dans leur d\u00e9tresse, les commer\u00e7ants interpellent les autorit\u00e9s et le pr\u00e9sident de la R\u00e9publique, le g\u00e9n\u00e9ral Mamadi DOUMBOUYA. Ils demandent un accompagnement pour retrouver un espace o\u00f9 ils pourraient reprendre leurs activit\u00e9s. \u00ab Ce march\u00e9 \u00e9tait notre vie. Nous avons besoin d\u2019un lieu pour continuer \u00e0 travailler. Nous ne voulons pas tomber dans la mis\u00e8re. \u00bb<\/p>\n\n\n\n<p>Alors que les bulldozers poursuivent leur travail, une question persiste : comment concilier les imp\u00e9ratifs de s\u00e9curit\u00e9 publique avec la protection des moyens de subsistance des citoyens ? Pour les commer\u00e7ants de Foulamadina, la r\u00e9ponse tarde \u00e0 venir, et l\u2019espoir de reprendre une vie normale reste suspendu aux d\u00e9cisions des autorit\u00e9s.<\/p>\n\n\n\n<p><strong>Mamadouba CAMARA<\/strong><\/p>\n","protected":false},"excerpt":{"rendered":"<p>Le march\u00e9 de Foulamadina, un des points n\u00e9vralgiques de la commune de Sonfonia \u00e0 Conakry, vit une d\u00e9molition sans pr\u00e9c\u00e9dent depuis le mercredi 8 janvier 2025. Cette op\u00e9ration, men\u00e9e dans le cadre de l\u2019\u00e9radication des zones criminog\u00e8nes, plonge de nombreux commer\u00e7ants dans une profonde incertitude. Les autorit\u00e9s affirment que cette mesure vise \u00e0 d\u00e9barrasser la [&hellip;]<\/p>\n","protected":false},"author":123458,"featured_media":7442,"comment_status":"open","ping_status":"open","sticky":false,"template":"","format":"standard","meta":{"_acf_changed":false,"footnotes":""},"categories":[11],"tags":[],"class_list":["post-7458","post","type-post","status-publish","format-standard","has-post-thumbnail","hentry","category-actualite"],"acf":[],"_links":{"self":[{"href":"https:\/\/lereveil224.info\/index.php\/wp-json\/wp\/v2\/posts\/7458","targetHints":{"allow":["GET"]}}],"collection":[{"href":"https:\/\/lereveil224.info\/index.php\/wp-json\/wp\/v2\/posts"}],"about":[{"href":"https:\/\/lereveil224.info\/index.php\/wp-json\/wp\/v2\/types\/post"}],"author":[{"embeddable":true,"href":"https:\/\/lereveil224.info\/index.php\/wp-json\/wp\/v2\/users\/123458"}],"replies":[{"embeddable":true,"href":"https:\/\/lereveil224.info\/index.php\/wp-json\/wp\/v2\/comments?post=7458"}],"version-history":[{"count":1,"href":"https:\/\/lereveil224.info\/index.php\/wp-json\/wp\/v2\/posts\/7458\/revisions"}],"predecessor-version":[{"id":7459,"href":"https:\/\/lereveil224.info\/index.php\/wp-json\/wp\/v2\/posts\/7458\/revisions\/7459"}],"wp:featuredmedia":[{"embeddable":true,"href":"https:\/\/lereveil224.info\/index.php\/wp-json\/wp\/v2\/media\/7442"}],"wp:attachment":[{"href":"https:\/\/lereveil224.info\/index.php\/wp-json\/wp\/v2\/media?parent=7458"}],"wp:term":[{"taxonomy":"category","embeddable":true,"href":"https:\/\/lereveil224.info\/index.php\/wp-json\/wp\/v2\/categories?post=7458"},{"taxonomy":"post_tag","embeddable":true,"href":"https:\/\/lereveil224.info\/index.php\/wp-json\/wp\/v2\/tags?post=7458"}],"curies":[{"name":"wp","href":"https:\/\/api.w.org\/{rel}","templated":true}]}}