{"id":7451,"date":"2025-01-09T18:10:19","date_gmt":"2025-01-09T18:10:19","guid":{"rendered":"https:\/\/lereveil224.info\/?p=7451"},"modified":"2025-01-09T18:10:20","modified_gmt":"2025-01-09T18:10:20","slug":"pekin-denonce-les-barrieres-commerciales-de-lunion-europeenne-une-nouvelle-epreuve-pour-le-commerce-mondial","status":"publish","type":"post","link":"https:\/\/lereveil224.info\/index.php\/2025\/01\/09\/pekin-denonce-les-barrieres-commerciales-de-lunion-europeenne-une-nouvelle-epreuve-pour-le-commerce-mondial\/","title":{"rendered":"P\u00e9kin D\u00e9nonce les Barri\u00e8res Commerciales de l\u2019Union Europ\u00e9enne : Une Nouvelle \u00c9preuve pour le Commerce Mondial"},"content":{"rendered":"\n<p>La Chine a r\u00e9cemment point\u00e9 du doigt l\u2019Union europ\u00e9enne, l\u2019accusant de pratiques commerciales discriminatoires \u00e0 l\u2019\u00e9gard de ses produits. Selon une enqu\u00eate men\u00e9e depuis plusieurs mois par les autorit\u00e9s chinoises, Bruxelles appliquerait un traitement plus d\u00e9favorable aux marchandises en provenance de Chine par rapport \u00e0 celles issues d\u2019autres pays tiers. Cette accusation s\u2019inscrit dans le cadre de la mise en \u0153uvre du R\u00e8glement europ\u00e9en sur les subventions \u00e9trang\u00e8res (FSR), entr\u00e9 en vigueur en juillet 2023.<\/p>\n\n\n\n<p>D\u2019apr\u00e8s le minist\u00e8re chinois du Commerce, ce r\u00e8glement constitue un obstacle majeur pour le commerce et l\u2019investissement. Il reproche \u00e0 l\u2019Europe d\u2019avoir \u00e9tabli des crit\u00e8res \u00ab vagues \u00bb et impr\u00e9cis, engendrant une grande incertitude pour les entreprises concern\u00e9es. En cons\u00e9quence, celles-ci se retrouvent confront\u00e9es \u00e0 une charge administrative lourde, freinant leurs activit\u00e9s \u00e9conomiques.<\/p>\n\n\n\n<p>P\u00e9kin n\u2019h\u00e9site pas \u00e0 qualifier ces mesures de barri\u00e8res commerciales arbitraires et discriminatoires, remettant en question la transparence et l\u2019\u00e9quit\u00e9 des politiques europ\u00e9ennes. Alors que les tensions commerciales entre grandes puissances s\u2019intensifient, cette nouvelle pol\u00e9mique pourrait compliquer davantage les relations \u00e9conomiques entre la Chine et l\u2019Union europ\u00e9enne.<\/p>\n\n\n\n<p><strong>Mamadouba CAMARA<\/strong><\/p>\n","protected":false},"excerpt":{"rendered":"<p>La Chine a r\u00e9cemment point\u00e9 du doigt l\u2019Union europ\u00e9enne, l\u2019accusant de pratiques commerciales discriminatoires \u00e0 l\u2019\u00e9gard de ses produits. Selon une enqu\u00eate men\u00e9e depuis plusieurs mois par les autorit\u00e9s chinoises, Bruxelles appliquerait un traitement plus d\u00e9favorable aux marchandises en provenance de Chine par rapport \u00e0 celles issues d\u2019autres pays tiers. Cette accusation s\u2019inscrit dans le [&hellip;]<\/p>\n","protected":false},"author":123458,"featured_media":7452,"comment_status":"open","ping_status":"open","sticky":false,"template":"","format":"standard","meta":{"_acf_changed":false,"footnotes":""},"categories":[11,30],"tags":[],"class_list":["post-7451","post","type-post","status-publish","format-standard","has-post-thumbnail","hentry","category-actualite","category-international"],"acf":[],"_links":{"self":[{"href":"https:\/\/lereveil224.info\/index.php\/wp-json\/wp\/v2\/posts\/7451","targetHints":{"allow":["GET"]}}],"collection":[{"href":"https:\/\/lereveil224.info\/index.php\/wp-json\/wp\/v2\/posts"}],"about":[{"href":"https:\/\/lereveil224.info\/index.php\/wp-json\/wp\/v2\/types\/post"}],"author":[{"embeddable":true,"href":"https:\/\/lereveil224.info\/index.php\/wp-json\/wp\/v2\/users\/123458"}],"replies":[{"embeddable":true,"href":"https:\/\/lereveil224.info\/index.php\/wp-json\/wp\/v2\/comments?post=7451"}],"version-history":[{"count":1,"href":"https:\/\/lereveil224.info\/index.php\/wp-json\/wp\/v2\/posts\/7451\/revisions"}],"predecessor-version":[{"id":7453,"href":"https:\/\/lereveil224.info\/index.php\/wp-json\/wp\/v2\/posts\/7451\/revisions\/7453"}],"wp:featuredmedia":[{"embeddable":true,"href":"https:\/\/lereveil224.info\/index.php\/wp-json\/wp\/v2\/media\/7452"}],"wp:attachment":[{"href":"https:\/\/lereveil224.info\/index.php\/wp-json\/wp\/v2\/media?parent=7451"}],"wp:term":[{"taxonomy":"category","embeddable":true,"href":"https:\/\/lereveil224.info\/index.php\/wp-json\/wp\/v2\/categories?post=7451"},{"taxonomy":"post_tag","embeddable":true,"href":"https:\/\/lereveil224.info\/index.php\/wp-json\/wp\/v2\/tags?post=7451"}],"curies":[{"name":"wp","href":"https:\/\/api.w.org\/{rel}","templated":true}]}}