{"id":7446,"date":"2025-01-07T16:26:00","date_gmt":"2025-01-07T16:26:00","guid":{"rendered":"https:\/\/lereveil224.info\/?p=7446"},"modified":"2025-01-07T16:26:01","modified_gmt":"2025-01-07T16:26:01","slug":"guinee-cellou-dalein-diallo-condamne-une-justice-aux-ordres-apres-la-condamnation-daliou-bah","status":"publish","type":"post","link":"https:\/\/lereveil224.info\/index.php\/2025\/01\/07\/guinee-cellou-dalein-diallo-condamne-une-justice-aux-ordres-apres-la-condamnation-daliou-bah\/","title":{"rendered":"Guin\u00e9e : Cellou Dalein DIALLO condamne une justice aux ordres apr\u00e8s la condamnation d\u2019Aliou Bah"},"content":{"rendered":"\n<p>La condamnation \u00e0 deux ans de prison ferme d\u2019Aliou BAH, pr\u00e9sident du MoDeL, pour offense et diffamation \u00e0 l\u2019encontre du chef de l&rsquo;\u00c9tat, a provoqu\u00e9 une vive r\u00e9action de Cellou Dalein DIALLO, leader de l\u2019UFDG. L\u2019ancien Premier ministre a d\u00e9nonc\u00e9 ce verdict comme une \u00ab\u00a0farce judiciaire\u00a0\u00bb, affirmant qu&rsquo;il s&rsquo;agissait d&rsquo;un acte de r\u00e9pression politique dans un contexte o\u00f9 les libert\u00e9s publiques se r\u00e9duisent de mani\u00e8re alarmante.<\/p>\n\n\n\n<p>Pour Cellou Dalein DIALLO, la sentence prononc\u00e9e contre Aliou BAH est le r\u00e9sultat d\u2019un r\u00e9gime qui cherche \u00e0 museler toute forme d\u2019opposition. \u00ab\u00a0Le d\u00e9lit d\u2019Aliou BAH ? Exprimer ce qui reste de notre libert\u00e9 d\u2019opinion\u00a0\u00bb, a-t-il r\u00e9agi, ajoutant que ce verdict ne visait qu\u2019\u00e0 intimider et r\u00e9duire au silence ceux qui osent d\u00e9noncer les d\u00e9rives autoritaires du gouvernement. Il a qualifi\u00e9 cette d\u00e9cision de \u00ab\u00a0digne des r\u00e9gimes les plus liberticides\u00a0\u00bb et a pr\u00e9cis\u00e9 que la justice guin\u00e9enne, sous ce r\u00e9gime, ne fait que servir les int\u00e9r\u00eats politiques de la junte au pouvoir.<\/p>\n\n\n\n<p>L\u2019opposant a \u00e9galement exprim\u00e9 sa col\u00e8re face \u00e0 ce qu\u2019il consid\u00e8re comme un nouveau coup port\u00e9 \u00e0 la d\u00e9mocratie en Guin\u00e9e. Selon lui, cette condamnation s&rsquo;inscrit dans une s\u00e9rie d&rsquo;attaques contre les droits humains et les libert\u00e9s fondamentales. Il a exprim\u00e9 sa solidarit\u00e9 avec Aliou BAH, appelant \u00e0 sa lib\u00e9ration imm\u00e9diate et \u00e0 l\u2019arr\u00eat de la r\u00e9pression contre les voix dissidentes.<\/p>\n\n\n\n<p>Cette d\u00e9claration de Cellou Dalein DIALLO vient renforcer l&rsquo;id\u00e9e qu&rsquo;en Guin\u00e9e, la justice est instrumentalis\u00e9e pour faire taire les critiques et garantir la domination politique d&rsquo;un pouvoir de plus en plus autoritaire. La r\u00e9sistance face \u00e0 ce syst\u00e8me semble se renforcer au sein de l&rsquo;opposition, d\u00e9termin\u00e9e \u00e0 lutter pour la d\u00e9fense des droits et des libert\u00e9s en Guin\u00e9e.<\/p>\n\n\n\n<p><strong>Mamadouba CAMARA<\/strong><\/p>\n","protected":false},"excerpt":{"rendered":"<p>La condamnation \u00e0 deux ans de prison ferme d\u2019Aliou BAH, pr\u00e9sident du MoDeL, pour offense et diffamation \u00e0 l\u2019encontre du chef de l&rsquo;\u00c9tat, a provoqu\u00e9 une vive r\u00e9action de Cellou Dalein DIALLO, leader de l\u2019UFDG. L\u2019ancien Premier ministre a d\u00e9nonc\u00e9 ce verdict comme une \u00ab\u00a0farce judiciaire\u00a0\u00bb, affirmant qu&rsquo;il s&rsquo;agissait d&rsquo;un acte de r\u00e9pression politique dans [&hellip;]<\/p>\n","protected":false},"author":123458,"featured_media":7449,"comment_status":"open","ping_status":"open","sticky":false,"template":"","format":"standard","meta":{"_acf_changed":false,"footnotes":""},"categories":[11,2],"tags":[],"class_list":["post-7446","post","type-post","status-publish","format-standard","has-post-thumbnail","hentry","category-actualite","category-politique"],"acf":[],"_links":{"self":[{"href":"https:\/\/lereveil224.info\/index.php\/wp-json\/wp\/v2\/posts\/7446","targetHints":{"allow":["GET"]}}],"collection":[{"href":"https:\/\/lereveil224.info\/index.php\/wp-json\/wp\/v2\/posts"}],"about":[{"href":"https:\/\/lereveil224.info\/index.php\/wp-json\/wp\/v2\/types\/post"}],"author":[{"embeddable":true,"href":"https:\/\/lereveil224.info\/index.php\/wp-json\/wp\/v2\/users\/123458"}],"replies":[{"embeddable":true,"href":"https:\/\/lereveil224.info\/index.php\/wp-json\/wp\/v2\/comments?post=7446"}],"version-history":[{"count":3,"href":"https:\/\/lereveil224.info\/index.php\/wp-json\/wp\/v2\/posts\/7446\/revisions"}],"predecessor-version":[{"id":7450,"href":"https:\/\/lereveil224.info\/index.php\/wp-json\/wp\/v2\/posts\/7446\/revisions\/7450"}],"wp:featuredmedia":[{"embeddable":true,"href":"https:\/\/lereveil224.info\/index.php\/wp-json\/wp\/v2\/media\/7449"}],"wp:attachment":[{"href":"https:\/\/lereveil224.info\/index.php\/wp-json\/wp\/v2\/media?parent=7446"}],"wp:term":[{"taxonomy":"category","embeddable":true,"href":"https:\/\/lereveil224.info\/index.php\/wp-json\/wp\/v2\/categories?post=7446"},{"taxonomy":"post_tag","embeddable":true,"href":"https:\/\/lereveil224.info\/index.php\/wp-json\/wp\/v2\/tags?post=7446"}],"curies":[{"name":"wp","href":"https:\/\/api.w.org\/{rel}","templated":true}]}}