{"id":7441,"date":"2025-01-07T13:45:52","date_gmt":"2025-01-07T13:45:52","guid":{"rendered":"https:\/\/lereveil224.info\/?p=7441"},"modified":"2025-01-07T13:45:52","modified_gmt":"2025-01-07T13:45:52","slug":"younoussa-bah-16-ans-abattu-lors-des-manifestations-a-conakry","status":"publish","type":"post","link":"https:\/\/lereveil224.info\/index.php\/2025\/01\/07\/younoussa-bah-16-ans-abattu-lors-des-manifestations-a-conakry\/","title":{"rendered":"Younoussa Bah, 16 ans, abattu lors des manifestations \u00e0 Conakry"},"content":{"rendered":"\n<p>La Guin\u00e9e est en deuil apr\u00e8s la mort tragique de Younoussa BAH, un jeune apprenti t\u00f4lier de 16 ans, abattu ce lundi 6 janvier 2025 lors des manifestations des Forces vives contre le CNRD. Ces manifestations, organis\u00e9es pour r\u00e9clamer un retour \u00e0 l\u2019ordre constitutionnel, ont une fois de plus \u00e9t\u00e9 marqu\u00e9es par des violences, laissant une famille d\u00e9vast\u00e9e par une perte brutale et inexplicable.<\/p>\n\n\n\n<p>Selon les t\u00e9moignages de ses proches, Younoussa n\u2019\u00e9tait pas impliqu\u00e9 dans les manifestations. Sa m\u00e8re, Hadja Mariama Toup\u00e9 BAH, boulevers\u00e9e par cette trag\u00e9die, raconte les derniers moments de cette journ\u00e9e fatidique. \u00ab\u00a0Il m\u2019avait appel\u00e9e plus t\u00f4t pour me dire qu\u2019il resterait au garage o\u00f9 il travaillait. \u00c0 17h, on m\u2019a inform\u00e9e qu\u2019il avait \u00e9t\u00e9 bless\u00e9. Quelques minutes plus tard, un autre appel m\u2019a appris qu\u2019il \u00e9tait d\u00e9c\u00e9d\u00e9\u00a0\u00bb, confie-t-elle, le c\u0153ur bris\u00e9.<\/p>\n\n\n\n<p>Les circonstances de sa mort soul\u00e8vent de nombreuses interrogations. La famille accuse les forces de l\u2019ordre d\u2019avoir tir\u00e9 d\u00e9lib\u00e9r\u00e9ment sur le jeune gar\u00e7on, un acte qu\u2019ils qualifient d\u2019injustifiable. Cette accusation r\u00e9sonne comme un cri de douleur dans un pays o\u00f9 les violences lors des manifestations deviennent r\u00e9currentes, mettant en danger les vies innocentes.<\/p>\n\n\n\n<p>Malgr\u00e9 l\u2019immense douleur, Hadja Mariama Toup\u00e9 BAH s\u2019efforce de puiser sa force dans sa foi, tout en exigeant justice pour son fils. \u00ab\u00a0Je ne pardonnerai jamais \u00e0 ceux qui ont \u00f4t\u00e9 la vie de mon enfant\u00a0\u00bb, d\u00e9clare-t-elle avec fermet\u00e9. Elle appelle \u00e9galement les autorit\u00e9s \u00e0 lui restituer le corps de son fils, actuellement \u00e0 l\u2019h\u00f4pital d\u2019Entag, afin de proc\u00e9der \u00e0 son inhumation.<\/p>\n\n\n\n<p>La mort de Younoussa BAH symbolise une fois de plus les cons\u00e9quences tragiques des tensions politiques en Guin\u00e9e. Elle interpelle sur la n\u00e9cessit\u00e9 de prot\u00e9ger les citoyens, particuli\u00e8rement les jeunes, et de privil\u00e9gier des solutions pacifiques pour \u00e9viter que d\u2019autres familles ne subissent le m\u00eame sort.<\/p>\n\n\n\n<p><strong>Mamadouba CAMARA<\/strong><\/p>\n","protected":false},"excerpt":{"rendered":"<p>La Guin\u00e9e est en deuil apr\u00e8s la mort tragique de Younoussa BAH, un jeune apprenti t\u00f4lier de 16 ans, abattu ce lundi 6 janvier 2025 lors des manifestations des Forces vives contre le CNRD. Ces manifestations, organis\u00e9es pour r\u00e9clamer un retour \u00e0 l\u2019ordre constitutionnel, ont une fois de plus \u00e9t\u00e9 marqu\u00e9es par des violences, laissant [&hellip;]<\/p>\n","protected":false},"author":123458,"featured_media":7442,"comment_status":"open","ping_status":"open","sticky":false,"template":"","format":"standard","meta":{"_acf_changed":false,"footnotes":""},"categories":[11,2],"tags":[],"class_list":["post-7441","post","type-post","status-publish","format-standard","has-post-thumbnail","hentry","category-actualite","category-politique"],"acf":[],"_links":{"self":[{"href":"https:\/\/lereveil224.info\/index.php\/wp-json\/wp\/v2\/posts\/7441","targetHints":{"allow":["GET"]}}],"collection":[{"href":"https:\/\/lereveil224.info\/index.php\/wp-json\/wp\/v2\/posts"}],"about":[{"href":"https:\/\/lereveil224.info\/index.php\/wp-json\/wp\/v2\/types\/post"}],"author":[{"embeddable":true,"href":"https:\/\/lereveil224.info\/index.php\/wp-json\/wp\/v2\/users\/123458"}],"replies":[{"embeddable":true,"href":"https:\/\/lereveil224.info\/index.php\/wp-json\/wp\/v2\/comments?post=7441"}],"version-history":[{"count":1,"href":"https:\/\/lereveil224.info\/index.php\/wp-json\/wp\/v2\/posts\/7441\/revisions"}],"predecessor-version":[{"id":7443,"href":"https:\/\/lereveil224.info\/index.php\/wp-json\/wp\/v2\/posts\/7441\/revisions\/7443"}],"wp:featuredmedia":[{"embeddable":true,"href":"https:\/\/lereveil224.info\/index.php\/wp-json\/wp\/v2\/media\/7442"}],"wp:attachment":[{"href":"https:\/\/lereveil224.info\/index.php\/wp-json\/wp\/v2\/media?parent=7441"}],"wp:term":[{"taxonomy":"category","embeddable":true,"href":"https:\/\/lereveil224.info\/index.php\/wp-json\/wp\/v2\/categories?post=7441"},{"taxonomy":"post_tag","embeddable":true,"href":"https:\/\/lereveil224.info\/index.php\/wp-json\/wp\/v2\/tags?post=7441"}],"curies":[{"name":"wp","href":"https:\/\/api.w.org\/{rel}","templated":true}]}}