{"id":7432,"date":"2025-01-06T14:34:30","date_gmt":"2025-01-06T14:34:30","guid":{"rendered":"https:\/\/lereveil224.info\/?p=7432"},"modified":"2025-01-06T14:34:31","modified_gmt":"2025-01-06T14:34:31","slug":"ratoma-sous-tension-deux-cadres-de-lufdg-arretes","status":"publish","type":"post","link":"https:\/\/lereveil224.info\/index.php\/2025\/01\/06\/ratoma-sous-tension-deux-cadres-de-lufdg-arretes\/","title":{"rendered":"Ratoma sous tension : Deux cadres de l\u2019UFDG arr\u00eat\u00e9s"},"content":{"rendered":"\n<p>Dans la nuit du dimanche 5 au lundi 6 janvier 2025, deux hauts responsables de l\u2019Union des Forces D\u00e9mocratiques de Guin\u00e9e (UFDG) ont \u00e9t\u00e9 arr\u00eat\u00e9s \u00e0 Ratoma. Thierno Mamadou BAH, membre du Bureau ex\u00e9cutif du parti, et Mamadou Aliou DIALLO, secr\u00e9taire g\u00e9n\u00e9ral de Ratoma 1, ont \u00e9t\u00e9 interpell\u00e9s par les autorit\u00e9s.<\/p>\n\n\n\n<p>Contact\u00e9, Souleymane Souza KONAT\u00c9, conseiller en communication de Cellou Dalein Diallo, a confirm\u00e9 l\u2019information. Il a \u00e9galement signal\u00e9 que plusieurs autres membres du parti \u00e9taient activement recherch\u00e9s, sans en pr\u00e9ciser le nombre ni les motifs.<\/p>\n\n\n\n<p>Ces arrestations surviennent dans un contexte de tension croissante, alors que les Forces Vives de Guin\u00e9e d\u00e9noncent la gestion de la transition par le CNRD et appellent \u00e0 des manifestations. La situation risque d\u2019attiser davantage les divisions politiques et sociales dans le pays.<\/p>\n\n\n\n<p><strong>Mamadouba CAMARA<\/strong><\/p>\n","protected":false},"excerpt":{"rendered":"<p>Dans la nuit du dimanche 5 au lundi 6 janvier 2025, deux hauts responsables de l\u2019Union des Forces D\u00e9mocratiques de Guin\u00e9e (UFDG) ont \u00e9t\u00e9 arr\u00eat\u00e9s \u00e0 Ratoma. Thierno Mamadou BAH, membre du Bureau ex\u00e9cutif du parti, et Mamadou Aliou DIALLO, secr\u00e9taire g\u00e9n\u00e9ral de Ratoma 1, ont \u00e9t\u00e9 interpell\u00e9s par les autorit\u00e9s. Contact\u00e9, Souleymane Souza KONAT\u00c9, [&hellip;]<\/p>\n","protected":false},"author":123458,"featured_media":7433,"comment_status":"open","ping_status":"open","sticky":false,"template":"","format":"standard","meta":{"_acf_changed":false,"footnotes":""},"categories":[11,2],"tags":[],"class_list":["post-7432","post","type-post","status-publish","format-standard","has-post-thumbnail","hentry","category-actualite","category-politique"],"acf":[],"_links":{"self":[{"href":"https:\/\/lereveil224.info\/index.php\/wp-json\/wp\/v2\/posts\/7432","targetHints":{"allow":["GET"]}}],"collection":[{"href":"https:\/\/lereveil224.info\/index.php\/wp-json\/wp\/v2\/posts"}],"about":[{"href":"https:\/\/lereveil224.info\/index.php\/wp-json\/wp\/v2\/types\/post"}],"author":[{"embeddable":true,"href":"https:\/\/lereveil224.info\/index.php\/wp-json\/wp\/v2\/users\/123458"}],"replies":[{"embeddable":true,"href":"https:\/\/lereveil224.info\/index.php\/wp-json\/wp\/v2\/comments?post=7432"}],"version-history":[{"count":1,"href":"https:\/\/lereveil224.info\/index.php\/wp-json\/wp\/v2\/posts\/7432\/revisions"}],"predecessor-version":[{"id":7434,"href":"https:\/\/lereveil224.info\/index.php\/wp-json\/wp\/v2\/posts\/7432\/revisions\/7434"}],"wp:featuredmedia":[{"embeddable":true,"href":"https:\/\/lereveil224.info\/index.php\/wp-json\/wp\/v2\/media\/7433"}],"wp:attachment":[{"href":"https:\/\/lereveil224.info\/index.php\/wp-json\/wp\/v2\/media?parent=7432"}],"wp:term":[{"taxonomy":"category","embeddable":true,"href":"https:\/\/lereveil224.info\/index.php\/wp-json\/wp\/v2\/categories?post=7432"},{"taxonomy":"post_tag","embeddable":true,"href":"https:\/\/lereveil224.info\/index.php\/wp-json\/wp\/v2\/tags?post=7432"}],"curies":[{"name":"wp","href":"https:\/\/api.w.org\/{rel}","templated":true}]}}