{"id":7421,"date":"2025-01-05T14:57:09","date_gmt":"2025-01-05T14:57:09","guid":{"rendered":"https:\/\/lereveil224.info\/?p=7421"},"modified":"2025-01-05T14:57:10","modified_gmt":"2025-01-05T14:57:10","slug":"sidya-toure-denonce-une-transition-prolongee-et-incertaine","status":"publish","type":"post","link":"https:\/\/lereveil224.info\/index.php\/2025\/01\/05\/sidya-toure-denonce-une-transition-prolongee-et-incertaine\/","title":{"rendered":"Sidya TOUR\u00c9 D\u00e9nonce une Transition Prolong\u00e9e et Incertaine"},"content":{"rendered":"\n<p>Lors de l&rsquo;assembl\u00e9e g\u00e9n\u00e9rale hebdomadaire de l&rsquo;Union des Forces R\u00e9publicaines (UFR), ce samedi 4 janvier 2025, Sidya TOUR\u00c9 a vivement critiqu\u00e9 la gestion de la transition par le Comit\u00e9 National du Rassemblement pour le D\u00e9veloppement (CNRD). Le leader de l\u2019UFR a d\u00e9plor\u00e9 le non-respect des engagements concernant le retour \u00e0 l\u2019ordre constitutionnel, d\u00e9non\u00e7ant une d\u00e9marche qui, selon lui, ne rassure ni les citoyens ni les acteurs politiques.<\/p>\n\n\n\n<p>Sidya TOUR\u00c9 a rappel\u00e9 que la transition devait initialement prendre fin le 31 d\u00e9cembre 2024. Pourtant, cet objectif n\u2019a pas \u00e9t\u00e9 atteint, et les perspectives pour 2025 demeurent floues. \u201cLes propositions qui sont faites pour 2025 ne sont pas rassurantes\u201d, a-t-il regrett\u00e9, mettant en cause l\u2019absence de mesures concr\u00e8tes pour garantir une sortie de crise r\u00e9ussie.<\/p>\n\n\n\n<p>Dans son discours de nouvel an, le g\u00e9n\u00e9ral Mamadi DOUMBOUYA avait assur\u00e9 que l\u2019ann\u00e9e 2025 serait d\u00e9cisive, marquant la fin de la transition. Cependant, Sidya TOUR\u00c9 s\u2019est montr\u00e9 sceptique quant \u00e0 ces promesses, affirmant que les bases n\u00e9cessaires pour organiser des \u00e9lections cr\u00e9dibles ne sont toujours pas en place. \u201cM\u00eame le ba-ba de l\u2019organisation d\u2019une \u00e9lection n\u2019existe pas pour le moment\u201d, a-t-il d\u00e9clar\u00e9.<\/p>\n\n\n\n<p>Le leader de l\u2019UFR a \u00e9galement d\u00e9nonc\u00e9 l\u2019absence de clart\u00e9 sur les m\u00e9canismes \u00e9lectoraux. \u201cOn ne sait m\u00eame pas qui va organiser les \u00e9lections. Comment les \u00e9lections vont-elles \u00eatre organis\u00e9es ? Apr\u00e8s avoir remplac\u00e9 tous les chefs de quartiers, on ne voit pas tr\u00e8s bien o\u00f9 cela peut nous mener\u201d, a-t-il ajout\u00e9, exprimant ses inqui\u00e9tudes sur la cr\u00e9dibilit\u00e9 du processus.<\/p>\n\n\n\n<p>Pour Sidya TOUR\u00c9, cette situation aggrave la crise de confiance entre les citoyens et les autorit\u00e9s de la transition. Il a insist\u00e9 sur la n\u00e9cessit\u00e9 d\u2019un recensement fiable, d\u2019une transparence irr\u00e9prochable et d\u2019engagements clairs pour assurer une transition r\u00e9ussie, des \u00e9l\u00e9ments qui, selon lui, font aujourd\u2019hui cruellement d\u00e9faut.<\/p>\n\n\n\n<p><strong>Mamadouba CAMARA.<\/strong><\/p>\n","protected":false},"excerpt":{"rendered":"<p>Lors de l&rsquo;assembl\u00e9e g\u00e9n\u00e9rale hebdomadaire de l&rsquo;Union des Forces R\u00e9publicaines (UFR), ce samedi 4 janvier 2025, Sidya TOUR\u00c9 a vivement critiqu\u00e9 la gestion de la transition par le Comit\u00e9 National du Rassemblement pour le D\u00e9veloppement (CNRD). Le leader de l\u2019UFR a d\u00e9plor\u00e9 le non-respect des engagements concernant le retour \u00e0 l\u2019ordre constitutionnel, d\u00e9non\u00e7ant une d\u00e9marche [&hellip;]<\/p>\n","protected":false},"author":123458,"featured_media":7422,"comment_status":"open","ping_status":"open","sticky":false,"template":"","format":"standard","meta":{"_acf_changed":false,"footnotes":""},"categories":[11,2],"tags":[],"class_list":["post-7421","post","type-post","status-publish","format-standard","has-post-thumbnail","hentry","category-actualite","category-politique"],"acf":[],"_links":{"self":[{"href":"https:\/\/lereveil224.info\/index.php\/wp-json\/wp\/v2\/posts\/7421","targetHints":{"allow":["GET"]}}],"collection":[{"href":"https:\/\/lereveil224.info\/index.php\/wp-json\/wp\/v2\/posts"}],"about":[{"href":"https:\/\/lereveil224.info\/index.php\/wp-json\/wp\/v2\/types\/post"}],"author":[{"embeddable":true,"href":"https:\/\/lereveil224.info\/index.php\/wp-json\/wp\/v2\/users\/123458"}],"replies":[{"embeddable":true,"href":"https:\/\/lereveil224.info\/index.php\/wp-json\/wp\/v2\/comments?post=7421"}],"version-history":[{"count":1,"href":"https:\/\/lereveil224.info\/index.php\/wp-json\/wp\/v2\/posts\/7421\/revisions"}],"predecessor-version":[{"id":7423,"href":"https:\/\/lereveil224.info\/index.php\/wp-json\/wp\/v2\/posts\/7421\/revisions\/7423"}],"wp:featuredmedia":[{"embeddable":true,"href":"https:\/\/lereveil224.info\/index.php\/wp-json\/wp\/v2\/media\/7422"}],"wp:attachment":[{"href":"https:\/\/lereveil224.info\/index.php\/wp-json\/wp\/v2\/media?parent=7421"}],"wp:term":[{"taxonomy":"category","embeddable":true,"href":"https:\/\/lereveil224.info\/index.php\/wp-json\/wp\/v2\/categories?post=7421"},{"taxonomy":"post_tag","embeddable":true,"href":"https:\/\/lereveil224.info\/index.php\/wp-json\/wp\/v2\/tags?post=7421"}],"curies":[{"name":"wp","href":"https:\/\/api.w.org\/{rel}","templated":true}]}}