{"id":7416,"date":"2025-01-05T13:30:37","date_gmt":"2025-01-05T13:30:37","guid":{"rendered":"https:\/\/lereveil224.info\/?p=7416"},"modified":"2025-01-05T13:30:38","modified_gmt":"2025-01-05T13:30:38","slug":"alpha-conde-mobilise-les-forces-vives-la-peur-change-de-camp","status":"publish","type":"post","link":"https:\/\/lereveil224.info\/index.php\/2025\/01\/05\/alpha-conde-mobilise-les-forces-vives-la-peur-change-de-camp\/","title":{"rendered":"Alpha COND\u00c9 Mobilise les Forces Vives : La Peur Change de Camp"},"content":{"rendered":"\n<p>Dans une vid\u00e9o diffus\u00e9e ce dimanche 5 janvier 2025 sur sa page Facebook, l&rsquo;ancien pr\u00e9sident guin\u00e9en Alpha Cond\u00e9 s&rsquo;est adress\u00e9 directement aux Forces Vives de Guin\u00e9e (FVG), galvanisant leur lutte pour exiger le d\u00e9part de la junte au pouvoir. Affirmant que leur combat commence \u00e0 porter ses fruits, il a appel\u00e9 \u00e0 maintenir la mobilisation tout en rassurant sur le soutien futur des forces arm\u00e9es guin\u00e9ennes.<\/p>\n\n\n\n<p>\u00ab Vaillant peuple de Guin\u00e9e, courageux patriotes des forces vives, votre combat est en train de payer, la peur est en train de changer de camp \u00bb, a-t-il d\u00e9clar\u00e9 avec conviction. Faisant allusion aux \u00e9v\u00e9nements du 31 d\u00e9cembre 2024, il a \u00e9voqu\u00e9 une prise de conscience progressive parmi les membres de la junte qu&rsquo;il qualifie de \u00ab\u00a0mercenaires\u00a0\u00bb. Selon lui, cette \u00e9volution marque un tournant crucial dans la lutte.<\/p>\n\n\n\n<p>Alpha COND\u00c9 a \u00e9galement soulign\u00e9 la r\u00e9silience des FVG face \u00e0 la r\u00e9pression, les encourageant \u00e0 poursuivre leurs efforts en vue d&rsquo;une transition civile. \u00ab Vous avez d\u00e9montr\u00e9 que les chats ne vous font pas peur alors vous \u00eates certains que la victoire est dans notre camp \u00bb, a-t-il ajout\u00e9.<\/p>\n\n\n\n<p>Cette prise de parole intervient \u00e0 un moment o\u00f9 les tensions restent vives en Guin\u00e9e, entre manifestations populaires et crispation du pouvoir militaire. Le message de l\u2019ancien pr\u00e9sident semble avoir pour objectif de maintenir l\u2019\u00e9lan des protestations tout en renfor\u00e7ant la confiance des acteurs sociopolitiques dans une issue favorable. Cond\u00e9 a conclu en affirmant que l&rsquo;arm\u00e9e patriote se rangera du c\u00f4t\u00e9 du peuple, une d\u00e9claration qui pourrait \u00eatre per\u00e7ue comme un appel implicite \u00e0 la d\u00e9fection au sein des forces arm\u00e9es.<\/p>\n\n\n\n<p>Alors que le pays traverse une p\u00e9riode d&rsquo;incertitude, cette sortie publique d\u2019Alpha COND\u00c9 marque une \u00e9tape importante dans le bras de fer qui oppose les forces civiles et la junte. Le chemin vers une transition apais\u00e9e semble encore long, mais pour COND\u00c9 et ses partisans, l\u2019espoir d\u2019un changement reste vivace.<\/p>\n\n\n\n<p><strong>Mamadouba CAMARA<\/strong><\/p>\n","protected":false},"excerpt":{"rendered":"<p>Dans une vid\u00e9o diffus\u00e9e ce dimanche 5 janvier 2025 sur sa page Facebook, l&rsquo;ancien pr\u00e9sident guin\u00e9en Alpha Cond\u00e9 s&rsquo;est adress\u00e9 directement aux Forces Vives de Guin\u00e9e (FVG), galvanisant leur lutte pour exiger le d\u00e9part de la junte au pouvoir. Affirmant que leur combat commence \u00e0 porter ses fruits, il a appel\u00e9 \u00e0 maintenir la mobilisation [&hellip;]<\/p>\n","protected":false},"author":123458,"featured_media":7419,"comment_status":"open","ping_status":"open","sticky":false,"template":"","format":"standard","meta":{"_acf_changed":false,"footnotes":""},"categories":[11,2],"tags":[],"class_list":["post-7416","post","type-post","status-publish","format-standard","has-post-thumbnail","hentry","category-actualite","category-politique"],"acf":[],"_links":{"self":[{"href":"https:\/\/lereveil224.info\/index.php\/wp-json\/wp\/v2\/posts\/7416","targetHints":{"allow":["GET"]}}],"collection":[{"href":"https:\/\/lereveil224.info\/index.php\/wp-json\/wp\/v2\/posts"}],"about":[{"href":"https:\/\/lereveil224.info\/index.php\/wp-json\/wp\/v2\/types\/post"}],"author":[{"embeddable":true,"href":"https:\/\/lereveil224.info\/index.php\/wp-json\/wp\/v2\/users\/123458"}],"replies":[{"embeddable":true,"href":"https:\/\/lereveil224.info\/index.php\/wp-json\/wp\/v2\/comments?post=7416"}],"version-history":[{"count":3,"href":"https:\/\/lereveil224.info\/index.php\/wp-json\/wp\/v2\/posts\/7416\/revisions"}],"predecessor-version":[{"id":7420,"href":"https:\/\/lereveil224.info\/index.php\/wp-json\/wp\/v2\/posts\/7416\/revisions\/7420"}],"wp:featuredmedia":[{"embeddable":true,"href":"https:\/\/lereveil224.info\/index.php\/wp-json\/wp\/v2\/media\/7419"}],"wp:attachment":[{"href":"https:\/\/lereveil224.info\/index.php\/wp-json\/wp\/v2\/media?parent=7416"}],"wp:term":[{"taxonomy":"category","embeddable":true,"href":"https:\/\/lereveil224.info\/index.php\/wp-json\/wp\/v2\/categories?post=7416"},{"taxonomy":"post_tag","embeddable":true,"href":"https:\/\/lereveil224.info\/index.php\/wp-json\/wp\/v2\/tags?post=7416"}],"curies":[{"name":"wp","href":"https:\/\/api.w.org\/{rel}","templated":true}]}}