{"id":7409,"date":"2025-01-04T17:15:42","date_gmt":"2025-01-04T17:15:42","guid":{"rendered":"https:\/\/lereveil224.info\/?p=7409"},"modified":"2025-01-04T17:15:43","modified_gmt":"2025-01-04T17:15:43","slug":"face-aux-menaces-de-manifestations-le-gouvernement-affiche-sa-serenite-et-appelle-au-dialogue","status":"publish","type":"post","link":"https:\/\/lereveil224.info\/index.php\/2025\/01\/04\/face-aux-menaces-de-manifestations-le-gouvernement-affiche-sa-serenite-et-appelle-au-dialogue\/","title":{"rendered":"Face aux menaces de manifestations : le gouvernement affiche sa s\u00e9r\u00e9nit\u00e9 et appelle au dialogue"},"content":{"rendered":"\n<p>Le gouvernement de transition de Guin\u00e9e reste ferme face aux menaces \u00e9manant des Forces vives de Guin\u00e9e, qui appellent \u00e0 des manifestations pr\u00e9vues d\u00e8s le 6 janvier 2025. Interrog\u00e9 sur RFI Fulfulde, le ministre porte-parole, Ousmane Gaoual Diallo, a tenu \u00e0 minimiser la port\u00e9e de ces annonces en affirmant que l&rsquo;ex\u00e9cutif n&rsquo;\u00e9tait ni pr\u00e9occup\u00e9 ni intimid\u00e9. \u00ab\u00a0Nous n\u2019avons peur de rien. Personne n\u2019est inquiet. Qu\u2019ils manifestent, ce n\u2019est pas un probl\u00e8me\u00a0\u00bb, a-t-il d\u00e9clar\u00e9, insistant sur la confiance du gouvernement en sa gestion de la situation.<\/p>\n\n\n\n<p>Dans le m\u00eame temps, le ministre a lanc\u00e9 un appel au dialogue, reprochant aux forces vives de refuser syst\u00e9matiquement les offres de discussions. Qualifiant leur attitude de d\u00e9connexion avec la r\u00e9alit\u00e9, il les a invit\u00e9s \u00e0 s\u2019asseoir autour de la table pour trouver des solutions, plut\u00f4t que de \u00ab\u00a0d\u00e9nigrer leur pays\u00a0\u00bb. Cette posture, empreinte de fermet\u00e9, vise \u00e0 d\u00e9cr\u00e9dibiliser ceux qui se revendiquent patriotes tout en refusant les occasions de n\u00e9gociation.<\/p>\n\n\n\n<p>Cette position du gouvernement contraste avec le discours plus incisif de l\u2019opposant Cellou Dalein Diallo, qui encourage ses militants \u00e0 une mobilisation d\u00e9termin\u00e9e. Il appelle \u00e0 une r\u00e9ponse massive et combative aux manifestations annonc\u00e9es, renfor\u00e7ant ainsi les tensions sur la sc\u00e8ne politique nationale.<\/p>\n\n\n\n<p>Alors que la date du 6 janvier approche, le pays semble divis\u00e9 entre la volont\u00e9 d\u2019apaisement pr\u00f4n\u00e9e par l\u2019ex\u00e9cutif et les revendications des forces vives, pr\u00eates \u00e0 se faire entendre dans la rue. Reste \u00e0 savoir si cet appel au dialogue pourra d\u00e9samorcer la crise naissante ou si la confrontation entre les deux camps s&rsquo;intensifiera dans les jours \u00e0 venir.<\/p>\n\n\n\n<p><strong>Mamadouba CAMARA<\/strong><\/p>\n","protected":false},"excerpt":{"rendered":"<p>Le gouvernement de transition de Guin\u00e9e reste ferme face aux menaces \u00e9manant des Forces vives de Guin\u00e9e, qui appellent \u00e0 des manifestations pr\u00e9vues d\u00e8s le 6 janvier 2025. Interrog\u00e9 sur RFI Fulfulde, le ministre porte-parole, Ousmane Gaoual Diallo, a tenu \u00e0 minimiser la port\u00e9e de ces annonces en affirmant que l&rsquo;ex\u00e9cutif n&rsquo;\u00e9tait ni pr\u00e9occup\u00e9 ni [&hellip;]<\/p>\n","protected":false},"author":123458,"featured_media":7410,"comment_status":"open","ping_status":"open","sticky":false,"template":"","format":"standard","meta":{"_acf_changed":false,"footnotes":""},"categories":[11,2],"tags":[],"class_list":["post-7409","post","type-post","status-publish","format-standard","has-post-thumbnail","hentry","category-actualite","category-politique"],"acf":[],"_links":{"self":[{"href":"https:\/\/lereveil224.info\/index.php\/wp-json\/wp\/v2\/posts\/7409","targetHints":{"allow":["GET"]}}],"collection":[{"href":"https:\/\/lereveil224.info\/index.php\/wp-json\/wp\/v2\/posts"}],"about":[{"href":"https:\/\/lereveil224.info\/index.php\/wp-json\/wp\/v2\/types\/post"}],"author":[{"embeddable":true,"href":"https:\/\/lereveil224.info\/index.php\/wp-json\/wp\/v2\/users\/123458"}],"replies":[{"embeddable":true,"href":"https:\/\/lereveil224.info\/index.php\/wp-json\/wp\/v2\/comments?post=7409"}],"version-history":[{"count":1,"href":"https:\/\/lereveil224.info\/index.php\/wp-json\/wp\/v2\/posts\/7409\/revisions"}],"predecessor-version":[{"id":7411,"href":"https:\/\/lereveil224.info\/index.php\/wp-json\/wp\/v2\/posts\/7409\/revisions\/7411"}],"wp:featuredmedia":[{"embeddable":true,"href":"https:\/\/lereveil224.info\/index.php\/wp-json\/wp\/v2\/media\/7410"}],"wp:attachment":[{"href":"https:\/\/lereveil224.info\/index.php\/wp-json\/wp\/v2\/media?parent=7409"}],"wp:term":[{"taxonomy":"category","embeddable":true,"href":"https:\/\/lereveil224.info\/index.php\/wp-json\/wp\/v2\/categories?post=7409"},{"taxonomy":"post_tag","embeddable":true,"href":"https:\/\/lereveil224.info\/index.php\/wp-json\/wp\/v2\/tags?post=7409"}],"curies":[{"name":"wp","href":"https:\/\/api.w.org\/{rel}","templated":true}]}}