{"id":7369,"date":"2024-12-31T07:18:10","date_gmt":"2024-12-31T07:18:10","guid":{"rendered":"https:\/\/lereveil224.info\/?p=7369"},"modified":"2024-12-31T07:18:10","modified_gmt":"2024-12-31T07:18:10","slug":"lecole-en-peril-urgence-face-aux-violences-sur-mineurs","status":"publish","type":"post","link":"https:\/\/lereveil224.info\/index.php\/2024\/12\/31\/lecole-en-peril-urgence-face-aux-violences-sur-mineurs\/","title":{"rendered":"L\u2019\u00c9cole en P\u00e9ril : Urgence Face aux Violences sur Mineurs"},"content":{"rendered":"\n<p>La communaut\u00e9 \u00e9ducative de Conakry est en \u00e9moi apr\u00e8s deux drames survenus dans la commune de Kagbelen en l\u2019espace d\u2019un mois. Des actes de violence effroyables ont co\u00fbt\u00e9 la vie \u00e0 deux jeunes \u00e9coli\u00e8res, mettant en lumi\u00e8re l\u2019ins\u00e9curit\u00e9 alarmante dans les \u00e9tablissements scolaires.<\/p>\n\n\n\n<p>Le 21 d\u00e9cembre 2024, M\u2019mahawa CAMARA, 6 ans, \u00e9l\u00e8ve en premi\u00e8re ann\u00e9e, a \u00e9t\u00e9 retrouv\u00e9e morte dans les toilettes de son \u00e9cole. Son corps ligot\u00e9 soul\u00e8ve des questions sur les circonstances tragiques de son d\u00e9c\u00e8s. Ce drame fait \u00e9cho \u00e0 celui d\u2019A\u00efcha BAH, 8 ans, survenu le 14 novembre dernier. Victime d\u2019un viol avant d\u2019\u00eatre assassin\u00e9e, la fillette \u00e9tait \u00e9l\u00e8ve dans une \u00e9cole franco-arabe de la m\u00eame localit\u00e9.<\/p>\n\n\n\n<p>Ces trag\u00e9dies secouent non seulement les familles endeuill\u00e9es, mais aussi l\u2019ensemble du syst\u00e8me \u00e9ducatif guin\u00e9en. Le ministre de l\u2019Enseignement pr\u00e9-universitaire et de l\u2019Alphab\u00e9tisation, Jean Paul CEDY, a exprim\u00e9 sa profonde indignation face \u00e0 cette recrudescence de violences dans les \u00e9coles. \u00ab\u00a0Il est inadmissible que des enfants perdent la vie dans un lieu cens\u00e9 \u00eatre un sanctuaire d\u2019apprentissage et de protection\u00a0\u00bb, a-t-il d\u00e9clar\u00e9.<\/p>\n\n\n\n<p>Dans un communiqu\u00e9 officiel, il a tenu \u00e0 rappeler que la s\u00e9curit\u00e9 des \u00e9l\u00e8ves rel\u00e8ve directement de la responsabilit\u00e9 des chefs d\u2019\u00e9tablissements. Toute n\u00e9gligence expose ces derniers \u00e0 des poursuites civiles et p\u00e9nales, conform\u00e9ment \u00e0 la l\u00e9gislation en vigueur. \u00ab\u00a0Je vous invite \u00e0 renforcer les mesures de s\u00e9curit\u00e9 dans vos \u00e9tablissements et \u00e0 redoubler de vigilance pour prot\u00e9ger nos enfants\u00a0\u00bb, a-t-il insist\u00e9.<\/p>\n\n\n\n<p>Face \u00e0 cette situation, des interrogations persistent : comment de tels drames ont-ils pu se produire dans des concessions scolaires\u2009? Pourquoi les dispositifs de surveillance semblent-ils insuffisants\u2009? Ces questions appellent des r\u00e9ponses urgentes et des actions concr\u00e8tes pour restaurer la confiance dans le syst\u00e8me \u00e9ducatif.<\/p>\n\n\n\n<p>L\u2019\u00e9cole, symbole de savoir et d\u2019espoir, ne peut se transformer en un lieu de peur et de danger. Une mobilisation collective s\u2019impose pour garantir aux \u00e9l\u00e8ves un environnement s\u00e9curis\u00e9 et propice \u00e0 leur \u00e9panouissement. Ces vies bris\u00e9es doivent \u00eatre le point de d\u00e9part d\u2019un sursaut national pour prot\u00e9ger ceux qui incarnent l\u2019avenir du pays.<\/p>\n\n\n\n<p><strong>Mamadouba CAMARA<\/strong><\/p>\n","protected":false},"excerpt":{"rendered":"<p>La communaut\u00e9 \u00e9ducative de Conakry est en \u00e9moi apr\u00e8s deux drames survenus dans la commune de Kagbelen en l\u2019espace d\u2019un mois. Des actes de violence effroyables ont co\u00fbt\u00e9 la vie \u00e0 deux jeunes \u00e9coli\u00e8res, mettant en lumi\u00e8re l\u2019ins\u00e9curit\u00e9 alarmante dans les \u00e9tablissements scolaires. Le 21 d\u00e9cembre 2024, M\u2019mahawa CAMARA, 6 ans, \u00e9l\u00e8ve en premi\u00e8re ann\u00e9e, [&hellip;]<\/p>\n","protected":false},"author":123458,"featured_media":7370,"comment_status":"open","ping_status":"open","sticky":false,"template":"","format":"standard","meta":{"_acf_changed":false,"footnotes":""},"categories":[11,4],"tags":[],"class_list":["post-7369","post","type-post","status-publish","format-standard","has-post-thumbnail","hentry","category-actualite","category-education"],"acf":[],"_links":{"self":[{"href":"https:\/\/lereveil224.info\/index.php\/wp-json\/wp\/v2\/posts\/7369","targetHints":{"allow":["GET"]}}],"collection":[{"href":"https:\/\/lereveil224.info\/index.php\/wp-json\/wp\/v2\/posts"}],"about":[{"href":"https:\/\/lereveil224.info\/index.php\/wp-json\/wp\/v2\/types\/post"}],"author":[{"embeddable":true,"href":"https:\/\/lereveil224.info\/index.php\/wp-json\/wp\/v2\/users\/123458"}],"replies":[{"embeddable":true,"href":"https:\/\/lereveil224.info\/index.php\/wp-json\/wp\/v2\/comments?post=7369"}],"version-history":[{"count":1,"href":"https:\/\/lereveil224.info\/index.php\/wp-json\/wp\/v2\/posts\/7369\/revisions"}],"predecessor-version":[{"id":7371,"href":"https:\/\/lereveil224.info\/index.php\/wp-json\/wp\/v2\/posts\/7369\/revisions\/7371"}],"wp:featuredmedia":[{"embeddable":true,"href":"https:\/\/lereveil224.info\/index.php\/wp-json\/wp\/v2\/media\/7370"}],"wp:attachment":[{"href":"https:\/\/lereveil224.info\/index.php\/wp-json\/wp\/v2\/media?parent=7369"}],"wp:term":[{"taxonomy":"category","embeddable":true,"href":"https:\/\/lereveil224.info\/index.php\/wp-json\/wp\/v2\/categories?post=7369"},{"taxonomy":"post_tag","embeddable":true,"href":"https:\/\/lereveil224.info\/index.php\/wp-json\/wp\/v2\/tags?post=7369"}],"curies":[{"name":"wp","href":"https:\/\/api.w.org\/{rel}","templated":true}]}}