{"id":7366,"date":"2024-12-30T12:15:30","date_gmt":"2024-12-30T12:15:30","guid":{"rendered":"https:\/\/lereveil224.info\/?p=7366"},"modified":"2024-12-30T12:15:31","modified_gmt":"2024-12-30T12:15:31","slug":"alpha-conde-un-appel-a-lunite-et-a-la-resistance-pour-sauver-la-guinee","status":"publish","type":"post","link":"https:\/\/lereveil224.info\/index.php\/2024\/12\/30\/alpha-conde-un-appel-a-lunite-et-a-la-resistance-pour-sauver-la-guinee\/","title":{"rendered":"Alpha COND\u00c9 : Un Appel \u00e0 l\u2019Unit\u00e9 et \u00e0 la R\u00e9sistance pour Sauver la Guin\u00e9e"},"content":{"rendered":"\n<p>\u00c0 l\u2019aube de l\u2019ann\u00e9e 2025, l\u2019ancien pr\u00e9sident de la R\u00e9publique de Guin\u00e9e, Alpha COND\u00c9, a lanc\u00e9 un message empreint de gravit\u00e9 et de d\u00e9termination \u00e0 ses compatriotes. Dans un discours publi\u00e9 sur sa page Facebook, il a d\u00e9nonc\u00e9 avec force les enl\u00e8vements, les privations arbitraires de libert\u00e9 et les violations flagrantes des droits humains qui continuent de marquer le quotidien en Guin\u00e9e. Face \u00e0 ces d\u00e9rives, il appelle le peuple guin\u00e9en \u00e0 une mobilisation nationale pour pr\u00e9server la souverainet\u00e9 et l\u2019honneur du pays.<\/p>\n\n\n\n<p>Dans ses trois pages de discours, Alpha COND\u00c9 a interpell\u00e9 la conscience collective en rappelant que cette fin d\u2019ann\u00e9e aurait d\u00fb marquer un tournant d\u00e9cisif pour la Guin\u00e9e. Selon lui, le 31 d\u00e9cembre 2024 devait symboliser le retour \u00e0 l\u2019ordre constitutionnel, comme promis par les dirigeants de la transition devant la CEDEAO et la communaut\u00e9 internationale. Or, il regrette que ces engagements n\u2019aient pas \u00e9t\u00e9 tenus. Dans une critique acerbe, il accuse le pr\u00e9sident de la transition, qu\u2019il qualifie d\u2019\u00ab ancien l\u00e9gionnaire fran\u00e7ais \u00bb entour\u00e9 d\u2019une \u00ab clique mafieuse \u00bb, d\u2019offenser le peuple guin\u00e9en et de prolonger une situation qu\u2019il juge intenable.<\/p>\n\n\n\n<p>Alpha COND\u00c9 s\u2019interroge avec amertume : \u00ab Combien de temps cette usurpation de pouvoir d\u00e9mocratique durera-t-elle encore sous les yeux des Guin\u00e9ens patriotes ? \u00bb Il d\u00e9plore les nombreuses victimes, civils comme militaires, qui ont souffert de disparitions forc\u00e9es, de privations injustifi\u00e9es et d\u2019actes violents, tout en d\u00e9non\u00e7ant une ins\u00e9curit\u00e9 croissante qui fragilise les fondements de la nation.<\/p>\n\n\n\n<p>Cependant, loin de c\u00e9der \u00e0 la r\u00e9signation, l\u2019ancien pr\u00e9sident appelle \u00e0 la r\u00e9sistance. Il exhorte les forces arm\u00e9es guin\u00e9ennes \u00e0 rejoindre le peuple dans sa qu\u00eate de libert\u00e9 et de justice. \u00ab En tant que Chef Supr\u00eame des Forces Arm\u00e9es Guin\u00e9ennes, je demande \u00e0 tous les hommes en uniforme, encore anim\u00e9s par un v\u00e9ritable patriotisme, de d\u00e9fendre notre pays, nos valeurs et notre dignit\u00e9. Levons-nous ensemble pour mettre fin \u00e0 cette gabegie et restaurer l\u2019honneur de la Guin\u00e9e. \u00bb<\/p>\n\n\n\n<p>Cet appel r\u00e9sonne comme un cri de ralliement dans un contexte marqu\u00e9 par les incertitudes et les divisions. Alpha COND\u00c9, en convoquant l\u2019unit\u00e9 nationale, invite chaque Guin\u00e9en \u00e0 se mobiliser pour tourner la page sombre de ces derni\u00e8res ann\u00e9es et redonner \u00e0 la Guin\u00e9e la place qu\u2019elle m\u00e9rite sur la sc\u00e8ne internationale.<\/p>\n\n\n\n<p><strong>Mamadouba CAMARA<\/strong><\/p>\n","protected":false},"excerpt":{"rendered":"<p>\u00c0 l\u2019aube de l\u2019ann\u00e9e 2025, l\u2019ancien pr\u00e9sident de la R\u00e9publique de Guin\u00e9e, Alpha COND\u00c9, a lanc\u00e9 un message empreint de gravit\u00e9 et de d\u00e9termination \u00e0 ses compatriotes. Dans un discours publi\u00e9 sur sa page Facebook, il a d\u00e9nonc\u00e9 avec force les enl\u00e8vements, les privations arbitraires de libert\u00e9 et les violations flagrantes des droits humains qui [&hellip;]<\/p>\n","protected":false},"author":123458,"featured_media":7367,"comment_status":"open","ping_status":"open","sticky":false,"template":"","format":"standard","meta":{"_acf_changed":false,"footnotes":""},"categories":[11,2],"tags":[],"class_list":["post-7366","post","type-post","status-publish","format-standard","has-post-thumbnail","hentry","category-actualite","category-politique"],"acf":[],"_links":{"self":[{"href":"https:\/\/lereveil224.info\/index.php\/wp-json\/wp\/v2\/posts\/7366","targetHints":{"allow":["GET"]}}],"collection":[{"href":"https:\/\/lereveil224.info\/index.php\/wp-json\/wp\/v2\/posts"}],"about":[{"href":"https:\/\/lereveil224.info\/index.php\/wp-json\/wp\/v2\/types\/post"}],"author":[{"embeddable":true,"href":"https:\/\/lereveil224.info\/index.php\/wp-json\/wp\/v2\/users\/123458"}],"replies":[{"embeddable":true,"href":"https:\/\/lereveil224.info\/index.php\/wp-json\/wp\/v2\/comments?post=7366"}],"version-history":[{"count":1,"href":"https:\/\/lereveil224.info\/index.php\/wp-json\/wp\/v2\/posts\/7366\/revisions"}],"predecessor-version":[{"id":7368,"href":"https:\/\/lereveil224.info\/index.php\/wp-json\/wp\/v2\/posts\/7366\/revisions\/7368"}],"wp:featuredmedia":[{"embeddable":true,"href":"https:\/\/lereveil224.info\/index.php\/wp-json\/wp\/v2\/media\/7367"}],"wp:attachment":[{"href":"https:\/\/lereveil224.info\/index.php\/wp-json\/wp\/v2\/media?parent=7366"}],"wp:term":[{"taxonomy":"category","embeddable":true,"href":"https:\/\/lereveil224.info\/index.php\/wp-json\/wp\/v2\/categories?post=7366"},{"taxonomy":"post_tag","embeddable":true,"href":"https:\/\/lereveil224.info\/index.php\/wp-json\/wp\/v2\/tags?post=7366"}],"curies":[{"name":"wp","href":"https:\/\/api.w.org\/{rel}","templated":true}]}}