{"id":7338,"date":"2024-12-25T10:37:05","date_gmt":"2024-12-25T10:37:05","guid":{"rendered":"https:\/\/lereveil224.info\/?p=7338"},"modified":"2024-12-25T10:37:05","modified_gmt":"2024-12-25T10:37:05","slug":"logements-administratifs-le-cnt-exige-des-ministres-le-respect-des-regles-de-gouvernance","status":"publish","type":"post","link":"https:\/\/lereveil224.info\/index.php\/2024\/12\/25\/logements-administratifs-le-cnt-exige-des-ministres-le-respect-des-regles-de-gouvernance\/","title":{"rendered":"Logements administratifs : le CNT exige des ministres le respect des r\u00e8gles de gouvernance"},"content":{"rendered":"\n<p>Lors de l\u2019examen du projet de loi de finances initiale pour 2025, le Conseil national de la transition (CNT) a lev\u00e9 un point sensible concernant la gestion du patrimoine b\u00e2ti public. La Commission du plan, des affaires financi\u00e8res et du contr\u00f4le budg\u00e9taire a r\u00e9v\u00e9l\u00e9 que la majorit\u00e9 des ministres en fonction ne s\u2019acquittent pas du paiement de leur loyer mensuel, un constat qui interpelle sur les principes de bonne gouvernance.<\/p>\n\n\n\n<p>Pire encore, selon le CNT, de nombreux anciens ministres continuent d\u2019occuper des logements administratifs dans la cit\u00e9 minist\u00e9rielle, et ce, malgr\u00e9 la fin de leurs fonctions. Cette situation contribue non seulement \u00e0 une mauvaise gestion des biens publics, mais emp\u00eache \u00e9galement leur r\u00e9affectation aux nouveaux occupants l\u00e9gitimes.<\/p>\n\n\n\n<p>Face \u00e0 ces dysfonctionnements, le CNT a fermement invit\u00e9 les ministres en exercice \u00e0 se conformer \u00e0 leurs obligations locatives. Il a \u00e9galement exhort\u00e9 les anciens ministres \u00e0 lib\u00e9rer les logements administratifs qu\u2019ils occupent ind\u00fbment, soulignant que cette mesure est essentielle pour garantir une gestion transparente et efficiente du patrimoine public.<\/p>\n\n\n\n<p>Le rapporteur de la session, N\u2019gouamou Fabara, a exprim\u00e9 sa confiance dans la mise en \u0153uvre rapide de ces recommandations. \u201cIl en va de l\u2019int\u00e9r\u00eat g\u00e9n\u00e9ral et de la pr\u00e9servation des ressources de l\u2019\u00c9tat. Ces dispositions doivent \u00eatre appliqu\u00e9es avec diligence pour r\u00e9tablir l\u2019ordre dans la gestion du patrimoine b\u00e2ti public.\u201d<\/p>\n\n\n\n<p>Cette d\u00e9marche du CNT s\u2019inscrit dans un effort global pour renforcer la gouvernance publique et responsabiliser les acteurs de l\u2019administration. Elle traduit \u00e9galement une volont\u00e9 de mettre fin \u00e0 des pratiques longtemps tol\u00e9r\u00e9es, mais en contradiction avec les principes d\u2019\u00e9quit\u00e9 et de bonne gestion des biens communs.<\/p>\n\n\n\n<p><strong>Mamadouba CAMARA<\/strong><\/p>\n","protected":false},"excerpt":{"rendered":"<p>Lors de l\u2019examen du projet de loi de finances initiale pour 2025, le Conseil national de la transition (CNT) a lev\u00e9 un point sensible concernant la gestion du patrimoine b\u00e2ti public. La Commission du plan, des affaires financi\u00e8res et du contr\u00f4le budg\u00e9taire a r\u00e9v\u00e9l\u00e9 que la majorit\u00e9 des ministres en fonction ne s\u2019acquittent pas du [&hellip;]<\/p>\n","protected":false},"author":123458,"featured_media":7339,"comment_status":"open","ping_status":"open","sticky":false,"template":"","format":"standard","meta":{"_acf_changed":false,"footnotes":""},"categories":[11],"tags":[],"class_list":["post-7338","post","type-post","status-publish","format-standard","has-post-thumbnail","hentry","category-actualite"],"acf":[],"_links":{"self":[{"href":"https:\/\/lereveil224.info\/index.php\/wp-json\/wp\/v2\/posts\/7338","targetHints":{"allow":["GET"]}}],"collection":[{"href":"https:\/\/lereveil224.info\/index.php\/wp-json\/wp\/v2\/posts"}],"about":[{"href":"https:\/\/lereveil224.info\/index.php\/wp-json\/wp\/v2\/types\/post"}],"author":[{"embeddable":true,"href":"https:\/\/lereveil224.info\/index.php\/wp-json\/wp\/v2\/users\/123458"}],"replies":[{"embeddable":true,"href":"https:\/\/lereveil224.info\/index.php\/wp-json\/wp\/v2\/comments?post=7338"}],"version-history":[{"count":1,"href":"https:\/\/lereveil224.info\/index.php\/wp-json\/wp\/v2\/posts\/7338\/revisions"}],"predecessor-version":[{"id":7340,"href":"https:\/\/lereveil224.info\/index.php\/wp-json\/wp\/v2\/posts\/7338\/revisions\/7340"}],"wp:featuredmedia":[{"embeddable":true,"href":"https:\/\/lereveil224.info\/index.php\/wp-json\/wp\/v2\/media\/7339"}],"wp:attachment":[{"href":"https:\/\/lereveil224.info\/index.php\/wp-json\/wp\/v2\/media?parent=7338"}],"wp:term":[{"taxonomy":"category","embeddable":true,"href":"https:\/\/lereveil224.info\/index.php\/wp-json\/wp\/v2\/categories?post=7338"},{"taxonomy":"post_tag","embeddable":true,"href":"https:\/\/lereveil224.info\/index.php\/wp-json\/wp\/v2\/tags?post=7338"}],"curies":[{"name":"wp","href":"https:\/\/api.w.org\/{rel}","templated":true}]}}