{"id":7302,"date":"2024-12-19T15:11:23","date_gmt":"2024-12-19T15:11:23","guid":{"rendered":"https:\/\/lereveil224.info\/?p=7302"},"modified":"2024-12-19T15:11:24","modified_gmt":"2024-12-19T15:11:24","slug":"enlevements-a-conakry-le-ministre-minimise-la-situation-mais-les-faits-racontent-une-autre-realite","status":"publish","type":"post","link":"https:\/\/lereveil224.info\/index.php\/2024\/12\/19\/enlevements-a-conakry-le-ministre-minimise-la-situation-mais-les-faits-racontent-une-autre-realite\/","title":{"rendered":"\u200eEnl\u00e8vements \u00e0 Conakry : Le ministre minimise la situation, mais les faits racontent une autre r\u00e9alit\u00e9"},"content":{"rendered":"\n<p>Depuis plusieurs mois, une inqui\u00e9tude croissante s\u2019installe \u00e0 Conakry en raison de l\u2019augmentation des enl\u00e8vements, un ph\u00e9nom\u00e8ne qui semble inqui\u00e9ter de plus en plus de citoyens. Pourtant, le ministre de la S\u00e9curit\u00e9 et de la Protection civile, Bachir DIALLO, minimise cette situation inqui\u00e9tante en affirmant, lors d\u2019une \u00e9mission t\u00e9l\u00e9vis\u00e9e sur la RTG, que \u00ab\u00a0depuis trois ans, il n\u2019y a eu qu\u2019un seul cas d\u2019enl\u00e8vement\u00a0\u00bb. Une d\u00e9claration qui suscite de vives interrogations et qui contraste avec les faits relat\u00e9s par la soci\u00e9t\u00e9 civile.<\/p>\n\n\n\n<p>En effet, le nombre de victimes d\u2019enl\u00e8vements en 2024 \u00e0 Conakry semble bien plus \u00e9lev\u00e9 que ce qu&rsquo;indique le ministre. Le 9 juillet 2024, les activistes Fonik\u00e9 Mengu\u00e8 et Mamadou Billo BAH ont \u00e9t\u00e9 enlev\u00e9s, avant d&rsquo;\u00eatre emmen\u00e9s vers une destination inconnue. Puis, le 17 octobre 2024, c\u2019est l&rsquo;ex-Secr\u00e9taire g\u00e9n\u00e9ral du minist\u00e8re des Mines et de la G\u00e9ologie, Saadou NIMAGA, qui a \u00e9t\u00e9 kidnapp\u00e9 en pleine journ\u00e9e. Autre cas marquant, le colonel P\u00e9p\u00e9 C\u00e9lestin BILIVOGUI, enlev\u00e9 en novembre 2023, a vu son corps retrouv\u00e9 et pr\u00e9sent\u00e9 \u00e0 sa famille en septembre 2024.<\/p>\n\n\n\n<p>De plus, des personnalit\u00e9s comme le sergent-chef Moussa Cheick SOUMAH, disparu depuis novembre 2023, et le journaliste Habib Marouane CAMARA, enlev\u00e9 le 3 d\u00e9cembre 2024, viennent renforcer cette sombre liste. Si Alhassane DIALLO, un op\u00e9rateur \u00e9conomique kidnapp\u00e9 fin novembre 2024, a eu la chance de retrouver sa libert\u00e9 apr\u00e8s plusieurs jours, il n&rsquo;en est pas de m\u00eame pour les autres victimes, toujours introuvables \u00e0 ce jour.<\/p>\n\n\n\n<p>Les autorit\u00e9s judiciaires semblent d\u00e9sempar\u00e9es. Le parquet g\u00e9n\u00e9ral de la Cour d\u2019appel de Conakry a confirm\u00e9 que malgr\u00e9 les enqu\u00eates lanc\u00e9es, aucune arrestation ou interpellation n\u2019a eu lieu, et aucun \u00e9tablissement p\u00e9nitentiaire ne d\u00e9tient les personnes enlev\u00e9es.<\/p>\n\n\n\n<p>Face \u00e0 cette r\u00e9alit\u00e9 inqui\u00e9tante, les citoyens et la soci\u00e9t\u00e9 civile r\u00e9clament des r\u00e9ponses et une action concr\u00e8te pour endiguer ce ph\u00e9nom\u00e8ne qui touche de plus en plus de familles guin\u00e9ennes. L&rsquo;incompr\u00e9hension grandit face \u00e0 des d\u00e9clarations minist\u00e9rielles d\u00e9connect\u00e9es des faits, et la question demeure : pourquoi ce silence et cette impunit\u00e9 autour de ces disparitions myst\u00e9rieuses ?<\/p>\n\n\n\n<p><strong>Mamadouba CAMARA<\/strong><\/p>\n","protected":false},"excerpt":{"rendered":"<p>Depuis plusieurs mois, une inqui\u00e9tude croissante s\u2019installe \u00e0 Conakry en raison de l\u2019augmentation des enl\u00e8vements, un ph\u00e9nom\u00e8ne qui semble inqui\u00e9ter de plus en plus de citoyens. Pourtant, le ministre de la S\u00e9curit\u00e9 et de la Protection civile, Bachir DIALLO, minimise cette situation inqui\u00e9tante en affirmant, lors d\u2019une \u00e9mission t\u00e9l\u00e9vis\u00e9e sur la RTG, que \u00ab\u00a0depuis trois [&hellip;]<\/p>\n","protected":false},"author":123458,"featured_media":7304,"comment_status":"open","ping_status":"open","sticky":false,"template":"","format":"standard","meta":{"_acf_changed":false,"footnotes":""},"categories":[11],"tags":[],"class_list":["post-7302","post","type-post","status-publish","format-standard","has-post-thumbnail","hentry","category-actualite"],"acf":[],"_links":{"self":[{"href":"https:\/\/lereveil224.info\/index.php\/wp-json\/wp\/v2\/posts\/7302","targetHints":{"allow":["GET"]}}],"collection":[{"href":"https:\/\/lereveil224.info\/index.php\/wp-json\/wp\/v2\/posts"}],"about":[{"href":"https:\/\/lereveil224.info\/index.php\/wp-json\/wp\/v2\/types\/post"}],"author":[{"embeddable":true,"href":"https:\/\/lereveil224.info\/index.php\/wp-json\/wp\/v2\/users\/123458"}],"replies":[{"embeddable":true,"href":"https:\/\/lereveil224.info\/index.php\/wp-json\/wp\/v2\/comments?post=7302"}],"version-history":[{"count":1,"href":"https:\/\/lereveil224.info\/index.php\/wp-json\/wp\/v2\/posts\/7302\/revisions"}],"predecessor-version":[{"id":7305,"href":"https:\/\/lereveil224.info\/index.php\/wp-json\/wp\/v2\/posts\/7302\/revisions\/7305"}],"wp:featuredmedia":[{"embeddable":true,"href":"https:\/\/lereveil224.info\/index.php\/wp-json\/wp\/v2\/media\/7304"}],"wp:attachment":[{"href":"https:\/\/lereveil224.info\/index.php\/wp-json\/wp\/v2\/media?parent=7302"}],"wp:term":[{"taxonomy":"category","embeddable":true,"href":"https:\/\/lereveil224.info\/index.php\/wp-json\/wp\/v2\/categories?post=7302"},{"taxonomy":"post_tag","embeddable":true,"href":"https:\/\/lereveil224.info\/index.php\/wp-json\/wp\/v2\/tags?post=7302"}],"curies":[{"name":"wp","href":"https:\/\/api.w.org\/{rel}","templated":true}]}}