{"id":7246,"date":"2024-12-14T18:14:15","date_gmt":"2024-12-14T18:14:15","guid":{"rendered":"https:\/\/lereveil224.info\/?p=7246"},"modified":"2024-12-14T18:14:15","modified_gmt":"2024-12-14T18:14:15","slug":"crise-diplomatique-entre-conakry-et-freetown-arrestations-et-rapatriements-en-question","status":"publish","type":"post","link":"https:\/\/lereveil224.info\/index.php\/2024\/12\/14\/crise-diplomatique-entre-conakry-et-freetown-arrestations-et-rapatriements-en-question\/","title":{"rendered":"Crise Diplomatique entre Conakry et Freetown : Arrestations et Rapatriements en Question"},"content":{"rendered":"\n<p>Une tension palpable s\u2019est install\u00e9e entre la Guin\u00e9e et la Sierra Leone suite \u00e0 une s\u00e9rie d\u2019arrestations et de rapatriements d\u2019\u00e9trangers, principalement des Sierra-L\u00e9onais, r\u00e9sidant dans des zones criminog\u00e8nes du Grand Conakry. Ces op\u00e9rations, men\u00e9es par les autorit\u00e9s guin\u00e9ennes, ont suscit\u00e9 une vive r\u00e9action de Freetown, qui d\u00e9nonce une d\u00e9marche non conforme aux standards internationaux en mati\u00e8re de rapatriement.<\/p>\n\n\n\n<p>Les autorit\u00e9s guin\u00e9ennes ont justifi\u00e9 cette mesure par des pr\u00e9occupations s\u00e9curitaires, ciblant des zones consid\u00e9r\u00e9es comme sensibles. Toutefois, la Sierra Leone voit dans cette op\u00e9ration une violation des normes diplomatiques et humanitaires, pointant l\u2019absence de notification officielle pr\u00e9alable. En r\u00e9ponse, les fronti\u00e8res entre les deux pays ont \u00e9t\u00e9 temporairement ferm\u00e9es, le temps pour la Guin\u00e9e d\u2019\u00e9mettre un document formel concernant le rapatriement.<\/p>\n\n\n\n<p>Cette situation a d\u00e9clench\u00e9 des craintes parmi les Guin\u00e9ens vivant \u00e0 Freetown, qui redoutent d\u2019\u00e9ventuelles repr\u00e9sailles. Ces appr\u00e9hensions ont \u00e9t\u00e9 relay\u00e9es \u00e0 l\u2019ambassadeur de Guin\u00e9e en Sierra Leone, Julien YOMBOUNO. Ce dernier a tenu \u00e0 apaiser les esprits en assurant que le probl\u00e8me serait r\u00e9solu au niveau des plus hautes instances.<\/p>\n\n\n\n<p>\u201cNous les avons aussi rassur\u00e9s par rapport aux \u00e9v\u00e9nements qui se passent actuellement \u00e0 la fronti\u00e8re parce qu\u2019ils ont peur des repr\u00e9sailles, mais je leur ai dit de rester tranquille. Les autorit\u00e9s au plus haut niveau vont g\u00e9rer le probl\u00e8me et avec l\u2019appui des services techniques que nous sommes\u201d, a-t-il d\u00e9clar\u00e9.<\/p>\n\n\n\n<p>Alors que les \u00e9changes sont suspendus aux fronti\u00e8res, les deux pays semblent vouloir \u00e9viter une escalade qui pourrait nuire \u00e0 leurs relations historiques et \u00e9conomiques. Les prochains jours seront d\u00e9cisifs pour savoir si Conakry et Freetown parviendront \u00e0 un accord permettant de r\u00e9tablir la confiance et de rouvrir les passages frontaliers.<\/p>\n\n\n\n<p>Cette crise met en lumi\u00e8re les d\u00e9fis des relations bilat\u00e9rales en Afrique de l\u2019Ouest, o\u00f9 la question migratoire reste une source fr\u00e9quente de tensions.<\/p>\n\n\n\n<p><strong>Mamadouba CAMARA<\/strong><\/p>\n","protected":false},"excerpt":{"rendered":"<p>Une tension palpable s\u2019est install\u00e9e entre la Guin\u00e9e et la Sierra Leone suite \u00e0 une s\u00e9rie d\u2019arrestations et de rapatriements d\u2019\u00e9trangers, principalement des Sierra-L\u00e9onais, r\u00e9sidant dans des zones criminog\u00e8nes du Grand Conakry. Ces op\u00e9rations, men\u00e9es par les autorit\u00e9s guin\u00e9ennes, ont suscit\u00e9 une vive r\u00e9action de Freetown, qui d\u00e9nonce une d\u00e9marche non conforme aux standards internationaux [&hellip;]<\/p>\n","protected":false},"author":123458,"featured_media":7247,"comment_status":"open","ping_status":"open","sticky":false,"template":"","format":"standard","meta":{"_acf_changed":false,"footnotes":""},"categories":[11],"tags":[],"class_list":["post-7246","post","type-post","status-publish","format-standard","has-post-thumbnail","hentry","category-actualite"],"acf":[],"_links":{"self":[{"href":"https:\/\/lereveil224.info\/index.php\/wp-json\/wp\/v2\/posts\/7246","targetHints":{"allow":["GET"]}}],"collection":[{"href":"https:\/\/lereveil224.info\/index.php\/wp-json\/wp\/v2\/posts"}],"about":[{"href":"https:\/\/lereveil224.info\/index.php\/wp-json\/wp\/v2\/types\/post"}],"author":[{"embeddable":true,"href":"https:\/\/lereveil224.info\/index.php\/wp-json\/wp\/v2\/users\/123458"}],"replies":[{"embeddable":true,"href":"https:\/\/lereveil224.info\/index.php\/wp-json\/wp\/v2\/comments?post=7246"}],"version-history":[{"count":1,"href":"https:\/\/lereveil224.info\/index.php\/wp-json\/wp\/v2\/posts\/7246\/revisions"}],"predecessor-version":[{"id":7248,"href":"https:\/\/lereveil224.info\/index.php\/wp-json\/wp\/v2\/posts\/7246\/revisions\/7248"}],"wp:featuredmedia":[{"embeddable":true,"href":"https:\/\/lereveil224.info\/index.php\/wp-json\/wp\/v2\/media\/7247"}],"wp:attachment":[{"href":"https:\/\/lereveil224.info\/index.php\/wp-json\/wp\/v2\/media?parent=7246"}],"wp:term":[{"taxonomy":"category","embeddable":true,"href":"https:\/\/lereveil224.info\/index.php\/wp-json\/wp\/v2\/categories?post=7246"},{"taxonomy":"post_tag","embeddable":true,"href":"https:\/\/lereveil224.info\/index.php\/wp-json\/wp\/v2\/tags?post=7246"}],"curies":[{"name":"wp","href":"https:\/\/api.w.org\/{rel}","templated":true}]}}