{"id":7205,"date":"2024-12-09T14:32:12","date_gmt":"2024-12-09T14:32:12","guid":{"rendered":"https:\/\/lereveil224.info\/?p=7205"},"modified":"2024-12-09T14:32:47","modified_gmt":"2024-12-09T14:32:47","slug":"nzerekore-les-notabilites-et-prefets-de-la-region-presentent-les-condoleances-au-gouverneur","status":"publish","type":"post","link":"https:\/\/lereveil224.info\/index.php\/2024\/12\/09\/nzerekore-les-notabilites-et-prefets-de-la-region-presentent-les-condoleances-au-gouverneur\/","title":{"rendered":"N&rsquo;Z\u00e9r\u00e9kor\u00e9 : Les notabilit\u00e9s et Pr\u00e9fets de la r\u00e9gion pr\u00e9sentent les condol\u00e9ances au Gouverneur"},"content":{"rendered":"\n<p>Le si\u00e8ge de la r\u00e9gion administrative de N&rsquo;Z\u00e9r\u00e9kor\u00e9 est devenu le cadre privil\u00e9gi\u00e9 de plusieurs composantes sociales et administratives pour la pr\u00e9sentation de condol\u00e9ances au Gouverneur, suite \u00e0 la bousculade au stade r\u00e9gional de N&rsquo;Z\u00e9r\u00e9kor\u00e9.<\/p>\n\n\n\n<figure class=\"wp-block-image size-large\"><img fetchpriority=\"high\" decoding=\"async\" width=\"1024\" height=\"768\" src=\"https:\/\/lereveil224.info\/wp-content\/uploads\/2024\/12\/IMG-20241209-WA0001-1024x768.jpg\" alt=\"\" class=\"wp-image-7207\" srcset=\"https:\/\/lereveil224.info\/wp-content\/uploads\/2024\/12\/IMG-20241209-WA0001-1024x768.jpg 1024w, https:\/\/lereveil224.info\/wp-content\/uploads\/2024\/12\/IMG-20241209-WA0001-300x225.jpg 300w, https:\/\/lereveil224.info\/wp-content\/uploads\/2024\/12\/IMG-20241209-WA0001-768x576.jpg 768w, https:\/\/lereveil224.info\/wp-content\/uploads\/2024\/12\/IMG-20241209-WA0001-86x64.jpg 86w, https:\/\/lereveil224.info\/wp-content\/uploads\/2024\/12\/IMG-20241209-WA0001.jpg 1280w\" sizes=\"(max-width: 1024px) 100vw, 1024px\" \/><\/figure>\n\n\n\n<p>En effet, les pr\u00e9fets des 6 pr\u00e9fectures que compte la r\u00e9gion administrative de N&rsquo;Z\u00e9r\u00e9kor\u00e9 ont au tour de r\u00f4le d\u00e9plor\u00e9 les \u00e9v\u00e9nements du 1er d\u00e9cembre 2024 au stade r\u00e9gional, avant de pr\u00e9senter leur condol\u00e9ances au Gouverneur de r\u00e9gion en ces termes : \u00ab c&rsquo;est avec une profonde douleur, nous avons appris ces cas de morts et de bless\u00e9es. Mais comme vous le savez en tant que bon croyant, on ne peu rien contre la volont\u00e9 de Dieu. Et ces morts c&rsquo;est pour toute la Guin\u00e9e, c&rsquo;est pourquoi nous demandons le repos de leur \u00e2me.\u00bb<\/p>\n\n\n\n<figure class=\"wp-block-image size-large\"><img decoding=\"async\" width=\"1024\" height=\"768\" src=\"https:\/\/lereveil224.info\/wp-content\/uploads\/2024\/12\/IMG-20241209-WA0002-1024x768.jpg\" alt=\"\" class=\"wp-image-7206\" srcset=\"https:\/\/lereveil224.info\/wp-content\/uploads\/2024\/12\/IMG-20241209-WA0002-1024x768.jpg 1024w, https:\/\/lereveil224.info\/wp-content\/uploads\/2024\/12\/IMG-20241209-WA0002-300x225.jpg 300w, https:\/\/lereveil224.info\/wp-content\/uploads\/2024\/12\/IMG-20241209-WA0002-768x576.jpg 768w, https:\/\/lereveil224.info\/wp-content\/uploads\/2024\/12\/IMG-20241209-WA0002-86x64.jpg 86w, https:\/\/lereveil224.info\/wp-content\/uploads\/2024\/12\/IMG-20241209-WA0002.jpg 1280w\" sizes=\"(max-width: 1024px) 100vw, 1024px\" \/><\/figure>\n\n\n\n<figure class=\"wp-block-image size-large\"><img decoding=\"async\" width=\"1024\" height=\"768\" src=\"https:\/\/lereveil224.info\/wp-content\/uploads\/2024\/12\/IMG-20241209-WA0002-1024x768.jpg\" alt=\"\" class=\"wp-image-7206\" srcset=\"https:\/\/lereveil224.info\/wp-content\/uploads\/2024\/12\/IMG-20241209-WA0002-1024x768.jpg 1024w, https:\/\/lereveil224.info\/wp-content\/uploads\/2024\/12\/IMG-20241209-WA0002-300x225.jpg 300w, https:\/\/lereveil224.info\/wp-content\/uploads\/2024\/12\/IMG-20241209-WA0002-768x576.jpg 768w, https:\/\/lereveil224.info\/wp-content\/uploads\/2024\/12\/IMG-20241209-WA0002-86x64.jpg 86w, https:\/\/lereveil224.info\/wp-content\/uploads\/2024\/12\/IMG-20241209-WA0002.jpg 1280w\" sizes=\"(max-width: 1024px) 100vw, 1024px\" \/><\/figure>\n\n\n\n<p>Prenant la parole, le porte parole des patriarches Fod\u00e9 Mathiase DEMBADOUNO, de gueckedou pr\u00e9cise \u00ab nous ne pouvons rest\u00e9s indiff\u00e9rents suite aux \u00e9v\u00e9nements du terrain. Car c&rsquo;est nos filles et fils qui on perdu la vie suite \u00e0 cette bousculade. Et comme vous le savez depuis la prise de la responsabilit\u00e9 du g\u00e9n\u00e9ral Mamadi DOUMBOUYA le 5 septembre 2021 et l&rsquo;arriv\u00e9e du Gouverneur, la paix qui \u00e9tait longtemps recherch\u00e9e est devenue de la r\u00e9alit\u00e9. C&rsquo;est pourquoi nous r\u00e9it\u00e9rons \u00e0 monsieur le Gouverneur Lamine KEITA, que l&rsquo;ensemble des notables de la r\u00e9gion reste \u00e0 votre enti\u00e8re disposition pour les sensibilisations aupr\u00e8s des familles \u00e9plor\u00e9es mais aussi de notre contribution morale. Et surtout en tant que croyant nous devons nous en remettre \u00e0 la volont\u00e9 de Dieu. Car seul sa volont\u00e9 reste et demeure sur sa cr\u00e9ature. Que l&rsquo;\u00e2me de nos enfants repose en paix et que le paradis soit leurs derni\u00e8res demeure. Amen ! \u00bb Conclura le doyen DEMBADOU.<\/p>\n\n\n\n<p>Tr\u00e8s \u00e9mu par ces actes, le contr\u00f4leur g\u00e9n\u00e9ral de police Lamine KEITA, Gouverneur de la r\u00e9gion administrative de N&rsquo;Z\u00e9r\u00e9kor\u00e9 dit \u00ab cette pr\u00e9sentation de condol\u00e9ances prouve que les efforts du pr\u00e9sident de la r\u00e9publique dans le cadre de la s\u00e9curit\u00e9 des personnes et de leurs biens d\u00e9clench\u00e9s depuis le 5 septembre 2021, est reconnue par la notabilit\u00e9s que vous \u00eates. Et que le travail de sensibilisation pour la paix et la coh\u00e9sion entam\u00e9 depuis notre arriv\u00e9e dans cette r\u00e9gion, continuera et rien ne va nous d\u00e9router de notre objectif conform\u00e9ment \u00e0 la volont\u00e9 du pr\u00e9sident de la R\u00e9publique. Je prie pour le repos de l&rsquo;\u00e2me des victimes et prompte r\u00e9tablissement aux bless\u00e9es. C&rsquo;est nos compatriotes qui ont perdu la vie, la promptitude de l&rsquo;arriv\u00e9e de la d\u00e9l\u00e9gation gouvernementale, les 3 jours de deuil national d\u00e9cr\u00e9t\u00e9 par le pr\u00e9sident et la mise en place des cellules de crises au niveau national et r\u00e9gional, prouve \u00e0 suffisance l&rsquo;attention que le gouvernement porte \u00e0 cette situation. \u00bb<\/p>\n\n\n\n<p>\u00c0 noter que les activit\u00e9s \u00e9conomiques ont repris leur cours normal dans la capitale de la Guin\u00e9e Foresti\u00e8re et que la cellule de crise mise en place par le gouvernorat est entrain de r\u00e9pertorier l&rsquo;ensemble des victimes. Nous y reviendrons<\/p>\n\n\n\n<p><strong>Thierno Amadou DIALLO<\/strong><\/p>\n","protected":false},"excerpt":{"rendered":"<p>Le si\u00e8ge de la r\u00e9gion administrative de N&rsquo;Z\u00e9r\u00e9kor\u00e9 est devenu le cadre privil\u00e9gi\u00e9 de plusieurs composantes sociales et administratives pour la pr\u00e9sentation de condol\u00e9ances au Gouverneur, suite \u00e0 la bousculade au stade r\u00e9gional de N&rsquo;Z\u00e9r\u00e9kor\u00e9. En effet, les pr\u00e9fets des 6 pr\u00e9fectures que compte la r\u00e9gion administrative de N&rsquo;Z\u00e9r\u00e9kor\u00e9 ont au tour de r\u00f4le d\u00e9plor\u00e9 [&hellip;]<\/p>\n","protected":false},"author":123458,"featured_media":7208,"comment_status":"open","ping_status":"open","sticky":false,"template":"","format":"standard","meta":{"_acf_changed":false,"footnotes":""},"categories":[11,18,9],"tags":[],"class_list":["post-7205","post","type-post","status-publish","format-standard","has-post-thumbnail","hentry","category-actualite","category-region","category-sport"],"acf":[],"_links":{"self":[{"href":"https:\/\/lereveil224.info\/index.php\/wp-json\/wp\/v2\/posts\/7205","targetHints":{"allow":["GET"]}}],"collection":[{"href":"https:\/\/lereveil224.info\/index.php\/wp-json\/wp\/v2\/posts"}],"about":[{"href":"https:\/\/lereveil224.info\/index.php\/wp-json\/wp\/v2\/types\/post"}],"author":[{"embeddable":true,"href":"https:\/\/lereveil224.info\/index.php\/wp-json\/wp\/v2\/users\/123458"}],"replies":[{"embeddable":true,"href":"https:\/\/lereveil224.info\/index.php\/wp-json\/wp\/v2\/comments?post=7205"}],"version-history":[{"count":2,"href":"https:\/\/lereveil224.info\/index.php\/wp-json\/wp\/v2\/posts\/7205\/revisions"}],"predecessor-version":[{"id":7211,"href":"https:\/\/lereveil224.info\/index.php\/wp-json\/wp\/v2\/posts\/7205\/revisions\/7211"}],"wp:featuredmedia":[{"embeddable":true,"href":"https:\/\/lereveil224.info\/index.php\/wp-json\/wp\/v2\/media\/7208"}],"wp:attachment":[{"href":"https:\/\/lereveil224.info\/index.php\/wp-json\/wp\/v2\/media?parent=7205"}],"wp:term":[{"taxonomy":"category","embeddable":true,"href":"https:\/\/lereveil224.info\/index.php\/wp-json\/wp\/v2\/categories?post=7205"},{"taxonomy":"post_tag","embeddable":true,"href":"https:\/\/lereveil224.info\/index.php\/wp-json\/wp\/v2\/tags?post=7205"}],"curies":[{"name":"wp","href":"https:\/\/api.w.org\/{rel}","templated":true}]}}