{"id":7188,"date":"2024-12-06T20:29:47","date_gmt":"2024-12-06T20:29:47","guid":{"rendered":"https:\/\/lereveil224.info\/?p=7188"},"modified":"2024-12-06T20:29:48","modified_gmt":"2024-12-06T20:29:48","slug":"afrique-subsaharienne-le-fmi-devoile-un-rapport-entre-defis-urgents-et-espoirs-economiques","status":"publish","type":"post","link":"https:\/\/lereveil224.info\/index.php\/2024\/12\/06\/afrique-subsaharienne-le-fmi-devoile-un-rapport-entre-defis-urgents-et-espoirs-economiques\/","title":{"rendered":"Afrique subsaharienne : le FMI d\u00e9voile un rapport entre d\u00e9fis urgents et espoirs \u00e9conomiques"},"content":{"rendered":"\n<p>Ce vendredi 6 d\u00e9cembre 2024, le Fonds mon\u00e9taire international (FMI) a pr\u00e9sent\u00e9 son rapport sur les perspectives \u00e9conomiques r\u00e9gionales de l\u2019Afrique subsaharienne lors d\u2019un \u00e9v\u00e9nement organis\u00e9 \u00e0 l\u2019Universit\u00e9 G\u00e9n\u00e9ral Lansana CONT\u00c9 de Sonfonia, \u00e0 Conakry. L\u2019occasion, marqu\u00e9e par la pr\u00e9sence de membres du gouvernement et de repr\u00e9sentants d\u2019institutions internationales, a permis de dresser un tableau nuanc\u00e9 des d\u00e9fis et opportunit\u00e9s \u00e9conomiques de la r\u00e9gion.<\/p>\n\n\n\n<p>Sous le th\u00e8me \u201cPerspectives \u00e9conomiques r\u00e9gionales de l\u2019Afrique subsaharienne : entre r\u00e9formes et grandes esp\u00e9rances\u201d, le rapport met en lumi\u00e8re une am\u00e9lioration progressive, bien que fragile, des indicateurs macro\u00e9conomiques. Selon le FMI, si l\u2019inflation tend \u00e0 se stabiliser et la dette publique cesse de cro\u00eetre, des vuln\u00e9rabilit\u00e9s majeures subsistent, notamment une croissance mod\u00e9r\u00e9e et une forte pression sur les finances publiques.<\/p>\n\n\n\n<p><strong>Des progr\u00e8s \u00e9conomiques limit\u00e9s mais notables :<\/strong><\/p>\n\n\n\n<p>Le rapport souligne que la croissance \u00e9conomique moyenne en Afrique subsaharienne devrait atteindre 3,6 % en 2024, avec une pr\u00e9vision mod\u00e9r\u00e9e \u00e0 4,2 % en 2025. Toutefois, pr\u00e8s d\u2019un tiers des pays de la r\u00e9gion continuent de subir une inflation \u00e0 deux chiffres, compromettant le pouvoir d\u2019achat des populations. De plus, la capacit\u00e9 \u00e0 honorer le service de la dette reste faible, tandis que les r\u00e9serves de change demeurent insuffisantes dans plusieurs pays.<\/p>\n\n\n\n<p>Pour relever ces d\u00e9fis, le FMI recommande des r\u00e9formes \u00e9conomiques ambitieuses et socialement acceptables. \u201cLes d\u00e9cideurs doivent s\u2019efforcer de r\u00e9duire les vuln\u00e9rabilit\u00e9s macro\u00e9conomiques tout en r\u00e9pondant aux besoins en mati\u00e8re de d\u00e9veloppement\u201d, a d\u00e9clar\u00e9 N\u00e9r\u00e9e NOUMON, repr\u00e9sentant r\u00e9sident du FMI en Guin\u00e9e.<\/p>\n\n\n\n<figure class=\"wp-block-image size-full\"><img fetchpriority=\"high\" decoding=\"async\" width=\"750\" height=\"422\" src=\"https:\/\/lereveil224.info\/wp-content\/uploads\/2024\/12\/IMG-20241206-WA0070-750x422-1.webp\" alt=\"\" class=\"wp-image-7190\" srcset=\"https:\/\/lereveil224.info\/wp-content\/uploads\/2024\/12\/IMG-20241206-WA0070-750x422-1.webp 750w, https:\/\/lereveil224.info\/wp-content\/uploads\/2024\/12\/IMG-20241206-WA0070-750x422-1-300x169.webp 300w\" sizes=\"(max-width: 750px) 100vw, 750px\" \/><\/figure>\n\n\n\n<p><strong>La Guin\u00e9e, une exception r\u00e9gionale prometteuse :<\/strong><\/p>\n\n\n\n<p>Dans ce contexte, la Guin\u00e9e se distingue par des performances \u00e9conomiques sup\u00e9rieures \u00e0 la moyenne r\u00e9gionale. Selon Mourana SOUMAH, ministre de l\u2019\u00c9conomie et des Finances, le pays affiche une croissance de 6,1 % en 2024, soit pr\u00e8s du double de la moyenne en Afrique subsaharienne. Malgr\u00e9 une inflation \u00e9lev\u00e9e, les pr\u00e9visions estiment qu\u2019elle atteindra 7,1 % \u00e0 la fin de l\u2019ann\u00e9e, un niveau relativement ma\u00eetris\u00e9.<\/p>\n\n\n\n<p>\u201cNotre r\u00e9silience \u00e9conomique se traduit par des chiffres concrets, et non par des discours. Nous restons optimistes quant \u00e0 l\u2019avenir, malgr\u00e9 un environnement mondial marqu\u00e9 par la r\u00e9duction de l\u2019aide publique au d\u00e9veloppement\u201d, a affirm\u00e9 SOUMAH.<\/p>\n\n\n\n<figure class=\"wp-block-image size-full\"><img decoding=\"async\" width=\"750\" height=\"422\" src=\"https:\/\/lereveil224.info\/wp-content\/uploads\/2024\/12\/IMG-20241206-WA0064-750x422-1.webp\" alt=\"\" class=\"wp-image-7189\" srcset=\"https:\/\/lereveil224.info\/wp-content\/uploads\/2024\/12\/IMG-20241206-WA0064-750x422-1.webp 750w, https:\/\/lereveil224.info\/wp-content\/uploads\/2024\/12\/IMG-20241206-WA0064-750x422-1-300x169.webp 300w\" sizes=\"(max-width: 750px) 100vw, 750px\" \/><\/figure>\n\n\n\n<figure class=\"wp-block-image size-full\"><img decoding=\"async\" width=\"750\" height=\"422\" src=\"https:\/\/lereveil224.info\/wp-content\/uploads\/2024\/12\/IMG-20241206-WA0064-750x422-1.webp\" alt=\"\" class=\"wp-image-7189\" srcset=\"https:\/\/lereveil224.info\/wp-content\/uploads\/2024\/12\/IMG-20241206-WA0064-750x422-1.webp 750w, https:\/\/lereveil224.info\/wp-content\/uploads\/2024\/12\/IMG-20241206-WA0064-750x422-1-300x169.webp 300w\" sizes=\"(max-width: 750px) 100vw, 750px\" \/><\/figure>\n\n\n\n<p><strong>Vers une diversification \u00e9conomique et sociale :<\/strong><\/p>\n\n\n\n<p>L\u2019ancien Premier ministre guin\u00e9en, Kabinet KOMARA, a toutefois appel\u00e9 \u00e0 une vigilance accrue. Selon lui, l\u2019avenir \u00e9conomique de la Guin\u00e9e et de la r\u00e9gion repose sur trois piliers :<\/p>\n\n\n\n<ol class=\"wp-block-list\">\n<li>La diversification \u00e9conomique : R\u00e9duire la d\u00e9pendance au secteur minier en investissant dans l\u2019agriculture, l\u2019industrie, les services et les industries culturelles et sportives.<\/li>\n\n\n\n<li>L\u2019acceptation sociale des r\u00e9formes : Impliquer les populations dans les processus de r\u00e9forme pour garantir leur compr\u00e9hension et leur adh\u00e9sion.<\/li>\n\n\n\n<li>La protection des plus vuln\u00e9rables : Mettre en place des filets sociaux pour amortir l\u2019impact des ajustements \u00e9conomiques.<\/li>\n<\/ol>\n\n\n\n<p><strong>Des r\u00e9formes indispensables pour l\u2019avenir :<\/strong><\/p>\n\n\n\n<p>Le rapport du FMI constitue un appel \u00e0 l\u2019action pour les dirigeants de l\u2019Afrique subsaharienne. Entre croissance mod\u00e9r\u00e9e, financement limit\u00e9 et pressions sociales croissantes, les choix \u00e0 venir seront d\u00e9terminants pour surmonter les obstacles et garantir un d\u00e9veloppement durable. Comme l\u2019a rappel\u00e9 N\u00e9r\u00e9e NOUMON, \u201cl\u2019inaction n\u2019est pas une option\u201d.<\/p>\n\n\n\n<p>L\u2019Afrique subsaharienne, riche de potentialit\u00e9s, se trouve \u00e0 la crois\u00e9e des chemins. Entre grandes esp\u00e9rances et r\u00e9formes indispensables, le d\u00e9fi consiste \u00e0 transformer les vuln\u00e9rabilit\u00e9s en opportunit\u00e9s pour construire une r\u00e9silience durable.<\/p>\n\n\n\n<p><strong>Mamadouba CAMARA<\/strong><\/p>\n","protected":false},"excerpt":{"rendered":"<p>Ce vendredi 6 d\u00e9cembre 2024, le Fonds mon\u00e9taire international (FMI) a pr\u00e9sent\u00e9 son rapport sur les perspectives \u00e9conomiques r\u00e9gionales de l\u2019Afrique subsaharienne lors d\u2019un \u00e9v\u00e9nement organis\u00e9 \u00e0 l\u2019Universit\u00e9 G\u00e9n\u00e9ral Lansana CONT\u00c9 de Sonfonia, \u00e0 Conakry. L\u2019occasion, marqu\u00e9e par la pr\u00e9sence de membres du gouvernement et de repr\u00e9sentants d\u2019institutions internationales, a permis de dresser un tableau [&hellip;]<\/p>\n","protected":false},"author":123458,"featured_media":7191,"comment_status":"open","ping_status":"open","sticky":false,"template":"","format":"standard","meta":{"_acf_changed":false,"footnotes":""},"categories":[11],"tags":[],"class_list":["post-7188","post","type-post","status-publish","format-standard","has-post-thumbnail","hentry","category-actualite"],"acf":[],"_links":{"self":[{"href":"https:\/\/lereveil224.info\/index.php\/wp-json\/wp\/v2\/posts\/7188","targetHints":{"allow":["GET"]}}],"collection":[{"href":"https:\/\/lereveil224.info\/index.php\/wp-json\/wp\/v2\/posts"}],"about":[{"href":"https:\/\/lereveil224.info\/index.php\/wp-json\/wp\/v2\/types\/post"}],"author":[{"embeddable":true,"href":"https:\/\/lereveil224.info\/index.php\/wp-json\/wp\/v2\/users\/123458"}],"replies":[{"embeddable":true,"href":"https:\/\/lereveil224.info\/index.php\/wp-json\/wp\/v2\/comments?post=7188"}],"version-history":[{"count":1,"href":"https:\/\/lereveil224.info\/index.php\/wp-json\/wp\/v2\/posts\/7188\/revisions"}],"predecessor-version":[{"id":7192,"href":"https:\/\/lereveil224.info\/index.php\/wp-json\/wp\/v2\/posts\/7188\/revisions\/7192"}],"wp:featuredmedia":[{"embeddable":true,"href":"https:\/\/lereveil224.info\/index.php\/wp-json\/wp\/v2\/media\/7191"}],"wp:attachment":[{"href":"https:\/\/lereveil224.info\/index.php\/wp-json\/wp\/v2\/media?parent=7188"}],"wp:term":[{"taxonomy":"category","embeddable":true,"href":"https:\/\/lereveil224.info\/index.php\/wp-json\/wp\/v2\/categories?post=7188"},{"taxonomy":"post_tag","embeddable":true,"href":"https:\/\/lereveil224.info\/index.php\/wp-json\/wp\/v2\/tags?post=7188"}],"curies":[{"name":"wp","href":"https:\/\/api.w.org\/{rel}","templated":true}]}}