{"id":7171,"date":"2024-12-05T19:15:38","date_gmt":"2024-12-05T19:15:38","guid":{"rendered":"https:\/\/lereveil224.info\/?p=7171"},"modified":"2024-12-05T19:15:38","modified_gmt":"2024-12-05T19:15:38","slug":"un-pas-decisif-vers-lintegration-numerique-en-afrique-de-louest-lancement-de-lorganisation-ouest-africaine-des-backbones-nationaux","status":"publish","type":"post","link":"https:\/\/lereveil224.info\/index.php\/2024\/12\/05\/un-pas-decisif-vers-lintegration-numerique-en-afrique-de-louest-lancement-de-lorganisation-ouest-africaine-des-backbones-nationaux\/","title":{"rendered":"Un Pas D\u00e9cisif vers l\u2019Int\u00e9gration Num\u00e9rique en Afrique de l\u2019Ouest : Lancement de l\u2019Organisation Ouest-Africaine des Backbones Nationaux"},"content":{"rendered":"\n<p>Conakry, le 5 d\u00e9cembre 2024 \u2013 La Guin\u00e9e a accueilli aujourd\u2019hui une r\u00e9union historique avec l\u2019ouverture des travaux de l\u2019assembl\u00e9e constitutive de l\u2019Organisation Ouest-Africaine des Soci\u00e9t\u00e9s de Gestion de Backbones Nationaux, pr\u00e9sid\u00e9e par la Ministre de l\u2019Information et de la Communication, Rose Pola PRICEMOU.<\/p>\n\n\n\n<p>Cet \u00e9v\u00e9nement marque une \u00e9tape importante dans le renforcement de la coop\u00e9ration r\u00e9gionale en mati\u00e8re du num\u00e9rique. L\u2019objectif central de cette organisation est de mutualiser les efforts pour optimiser la gestion des infrastructures nationales de t\u00e9l\u00e9communications et relever ensemble les d\u00e9fis \u00e9mergents, notamment la cybers\u00e9curit\u00e9 et l\u2019inclusion num\u00e9rique.<\/p>\n\n\n\n<p><strong>Objectifs Strat\u00e9giques de l\u2019Organisation :<\/strong><\/p>\n\n\n\n<ol class=\"wp-block-list\">\n<li>Renforcer la coop\u00e9ration r\u00e9gionale pour une interconnexion efficace et inclusive.<\/li>\n\n\n\n<li>Promouvoir une gouvernance harmonis\u00e9e dans la gestion des backbones.<\/li>\n\n\n\n<li>Optimiser l\u2019exploitation des infrastructures nationales pour une meilleure connectivit\u00e9.<\/li>\n\n\n\n<li>Coordonner les r\u00e9ponses aux d\u00e9fis \u00e9mergents comme la cybers\u00e9curit\u00e9.<\/li>\n<\/ol>\n\n\n\n<figure class=\"wp-block-image size-large\"><img fetchpriority=\"high\" decoding=\"async\" width=\"683\" height=\"1024\" src=\"https:\/\/lereveil224.info\/wp-content\/uploads\/2024\/12\/20241205_185743-683x1024.jpg\" alt=\"\" class=\"wp-image-7173\" srcset=\"https:\/\/lereveil224.info\/wp-content\/uploads\/2024\/12\/20241205_185743-683x1024.jpg 683w, https:\/\/lereveil224.info\/wp-content\/uploads\/2024\/12\/20241205_185743-200x300.jpg 200w, https:\/\/lereveil224.info\/wp-content\/uploads\/2024\/12\/20241205_185743-768x1152.jpg 768w, https:\/\/lereveil224.info\/wp-content\/uploads\/2024\/12\/20241205_185743-1024x1536.jpg 1024w, https:\/\/lereveil224.info\/wp-content\/uploads\/2024\/12\/20241205_185743.jpg 1365w\" sizes=\"(max-width: 683px) 100vw, 683px\" \/><\/figure>\n\n\n\n<p>Dans son allocution, la Ministre Rose Pola PRICEMOU a soulign\u00e9 l\u2019importance de cette organisation pour acc\u00e9l\u00e9rer le d\u00e9veloppement num\u00e9rique dans la sous-r\u00e9gion. Elle a exprim\u00e9 sa gratitude envers les gestionnaires des backbones pour avoir choisi la Guin\u00e9e comme h\u00f4te de cette rencontre, mettant en avant les avanc\u00e9es significatives du pays en mati\u00e8re d\u2019interconnexion r\u00e9gionale, notamment avec le Mali, la Sierra Leone et la C\u00f4te d\u2019Ivoire.<\/p>\n\n\n\n<figure class=\"wp-block-image size-large\"><img decoding=\"async\" width=\"1024\" height=\"683\" src=\"https:\/\/lereveil224.info\/wp-content\/uploads\/2024\/12\/20241205_185745-1024x683.jpg\" alt=\"\" class=\"wp-image-7172\" srcset=\"https:\/\/lereveil224.info\/wp-content\/uploads\/2024\/12\/20241205_185745-1024x683.jpg 1024w, https:\/\/lereveil224.info\/wp-content\/uploads\/2024\/12\/20241205_185745-300x200.jpg 300w, https:\/\/lereveil224.info\/wp-content\/uploads\/2024\/12\/20241205_185745-768x512.jpg 768w, https:\/\/lereveil224.info\/wp-content\/uploads\/2024\/12\/20241205_185745-1536x1024.jpg 1536w, https:\/\/lereveil224.info\/wp-content\/uploads\/2024\/12\/20241205_185745.jpg 2048w\" sizes=\"(max-width: 1024px) 100vw, 1024px\" \/><\/figure>\n\n\n\n<figure class=\"wp-block-image size-large\"><img decoding=\"async\" width=\"1024\" height=\"683\" src=\"https:\/\/lereveil224.info\/wp-content\/uploads\/2024\/12\/20241205_185745-1024x683.jpg\" alt=\"\" class=\"wp-image-7172\" srcset=\"https:\/\/lereveil224.info\/wp-content\/uploads\/2024\/12\/20241205_185745-1024x683.jpg 1024w, https:\/\/lereveil224.info\/wp-content\/uploads\/2024\/12\/20241205_185745-300x200.jpg 300w, https:\/\/lereveil224.info\/wp-content\/uploads\/2024\/12\/20241205_185745-768x512.jpg 768w, https:\/\/lereveil224.info\/wp-content\/uploads\/2024\/12\/20241205_185745-1536x1024.jpg 1536w, https:\/\/lereveil224.info\/wp-content\/uploads\/2024\/12\/20241205_185745.jpg 2048w\" sizes=\"(max-width: 1024px) 100vw, 1024px\" \/><\/figure>\n\n\n\n<p><strong>Un Appel \u00e0 l\u2019Innovation et \u00e0 la Collaboration :<\/strong><\/p>\n\n\n\n<p>La ministre a exhort\u00e9 les participants \u00e0 engager des discussions constructives et \u00e0 partager leurs exp\u00e9riences pour explorer des solutions technologiques novatrices. Elle a d\u00e9clar\u00e9 : \u00ab Ensemble, nous pouvons transformer les d\u00e9fis en opportunit\u00e9s et b\u00e2tir un \u00e9cosyst\u00e8me num\u00e9rique robuste pour le b\u00e9n\u00e9fice de nos populations. \u00bb<\/p>\n\n\n\n<p>Avec cette initiative, l\u2019Afrique de l\u2019Ouest affirme sa volont\u00e9 de devenir un acteur majeur du num\u00e9rique mondial en misant sur l\u2019unit\u00e9, l\u2019innovation et la r\u00e9silience. Les travaux de cette organisation seront d\u00e9terminants pour propulser la r\u00e9gion vers un avenir num\u00e9rique prosp\u00e8re.<\/p>\n\n\n\n<p>La rencontre se poursuit avec des ateliers ax\u00e9s sur la gouvernance technologique et les strat\u00e9gies d\u2019interconnexion. L\u2019avenir num\u00e9rique de l\u2019Afrique de l\u2019Ouest s\u2019\u00e9crit ici et maintenant.<\/p>\n\n\n\n<p><strong>Mamadouba CAMARA<\/strong><\/p>\n","protected":false},"excerpt":{"rendered":"<p>Conakry, le 5 d\u00e9cembre 2024 \u2013 La Guin\u00e9e a accueilli aujourd\u2019hui une r\u00e9union historique avec l\u2019ouverture des travaux de l\u2019assembl\u00e9e constitutive de l\u2019Organisation Ouest-Africaine des Soci\u00e9t\u00e9s de Gestion de Backbones Nationaux, pr\u00e9sid\u00e9e par la Ministre de l\u2019Information et de la Communication, Rose Pola PRICEMOU. Cet \u00e9v\u00e9nement marque une \u00e9tape importante dans le renforcement de la [&hellip;]<\/p>\n","protected":false},"author":123458,"featured_media":7174,"comment_status":"open","ping_status":"open","sticky":false,"template":"","format":"standard","meta":{"_acf_changed":false,"footnotes":""},"categories":[11],"tags":[],"class_list":["post-7171","post","type-post","status-publish","format-standard","has-post-thumbnail","hentry","category-actualite"],"acf":[],"_links":{"self":[{"href":"https:\/\/lereveil224.info\/index.php\/wp-json\/wp\/v2\/posts\/7171","targetHints":{"allow":["GET"]}}],"collection":[{"href":"https:\/\/lereveil224.info\/index.php\/wp-json\/wp\/v2\/posts"}],"about":[{"href":"https:\/\/lereveil224.info\/index.php\/wp-json\/wp\/v2\/types\/post"}],"author":[{"embeddable":true,"href":"https:\/\/lereveil224.info\/index.php\/wp-json\/wp\/v2\/users\/123458"}],"replies":[{"embeddable":true,"href":"https:\/\/lereveil224.info\/index.php\/wp-json\/wp\/v2\/comments?post=7171"}],"version-history":[{"count":1,"href":"https:\/\/lereveil224.info\/index.php\/wp-json\/wp\/v2\/posts\/7171\/revisions"}],"predecessor-version":[{"id":7175,"href":"https:\/\/lereveil224.info\/index.php\/wp-json\/wp\/v2\/posts\/7171\/revisions\/7175"}],"wp:featuredmedia":[{"embeddable":true,"href":"https:\/\/lereveil224.info\/index.php\/wp-json\/wp\/v2\/media\/7174"}],"wp:attachment":[{"href":"https:\/\/lereveil224.info\/index.php\/wp-json\/wp\/v2\/media?parent=7171"}],"wp:term":[{"taxonomy":"category","embeddable":true,"href":"https:\/\/lereveil224.info\/index.php\/wp-json\/wp\/v2\/categories?post=7171"},{"taxonomy":"post_tag","embeddable":true,"href":"https:\/\/lereveil224.info\/index.php\/wp-json\/wp\/v2\/tags?post=7171"}],"curies":[{"name":"wp","href":"https:\/\/api.w.org\/{rel}","templated":true}]}}