{"id":7165,"date":"2024-12-04T14:25:57","date_gmt":"2024-12-04T14:25:57","guid":{"rendered":"https:\/\/lereveil224.info\/?p=7165"},"modified":"2024-12-04T14:25:57","modified_gmt":"2024-12-04T14:25:57","slug":"affaire-habib-marouane-camara-le-collectif-davocats-de-kpc-dement-avec-ferme-conviction","status":"publish","type":"post","link":"https:\/\/lereveil224.info\/index.php\/2024\/12\/04\/affaire-habib-marouane-camara-le-collectif-davocats-de-kpc-dement-avec-ferme-conviction\/","title":{"rendered":"Affaire Habib Marouane CAMARA : Le Collectif d\u2019Avocats de KPC D\u00e9ment avec Ferme Conviction"},"content":{"rendered":"\n<p>Dans une s\u00e9rie de d\u00e9clarations relay\u00e9es par certains blogueurs et plateformes m\u00e9diatiques, des all\u00e9gations ont \u00e9t\u00e9 port\u00e9es \u00e0 l\u2019encontre de Monsieur Kerfalla CAMARA, dit \u00ab KPC \u00bb, PDG de Guicopres, le liant aux r\u00e9cents \u00e9v\u00e9nements ayant conduit \u00e0 l\u2019arrestation du journaliste Habib Marouane CAMARA. Face \u00e0 ces accusations jug\u00e9es infond\u00e9es, le collectif d\u2019avocats de KPC a tenu \u00e0 apporter un d\u00e9menti formel.<\/p>\n\n\n\n<p><strong>Un d\u00e9menti cat\u00e9gorique :<\/strong><\/p>\n\n\n\n<p>Dans un communiqu\u00e9 clair et sans \u00e9quivoque, les avocats de Kerfalla CAMARA \u00ab KPC \u00bb ont d\u00e9nonc\u00e9 des accusations qu\u2019ils consid\u00e8rent comme une atteinte grave \u00e0 l\u2019honneur et \u00e0 la dignit\u00e9 de leur client. \u00ab Nous tenons \u00e0 d\u00e9mentir fermement et sans \u00e9quivoque ces all\u00e9gations. Ces accusations sans fondement portent atteinte \u00e0 l\u2019honneur et \u00e0 la dignit\u00e9 de Monsieur Kerfalla CAMARA &lt;&lt; KPC &gt;&gt;. \u00bb<\/p>\n\n\n\n<p>Le collectif a insist\u00e9 sur le fait que KPC n\u2019a jou\u00e9 aucun r\u00f4le, direct ou indirect, dans les \u00e9v\u00e9nements entourant la situation actuelle du journaliste Habib Marouane Camara.<\/p>\n\n\n\n<p><strong>Un homme d\u2019affaires et philanthrope reconnu :<\/strong><\/p>\n\n\n\n<p>Les avocats ont \u00e9galement rappel\u00e9 que KPC, en tant qu\u2019acteur majeur du monde des affaires et philanthrope respect\u00e9, entretient r\u00e9guli\u00e8rement des relations avec diverses personnalit\u00e9s, y compris des journalistes, mais toujours dans un cadre strictement professionnel ou humanitaire. \u00ab En tant qu\u2019acteur du monde des affaires et philanthrope reconnu, Monsieur Kerfalla CAMARA rencontre r\u00e9guli\u00e8rement diverses personnalit\u00e9s, y compris des journalistes \u00e0 leur demande \u00bb, ont-ils pr\u00e9cis\u00e9.<\/p>\n\n\n\n<p><strong>Un appel \u00e0 la responsabilit\u00e9 m\u00e9diatique :<\/strong><\/p>\n\n\n\n<p>Le collectif a profit\u00e9 de l\u2019occasion pour appeler les citoyens, blogueurs et journalistes \u00e0 faire preuve de responsabilit\u00e9 et de professionnalisme dans le traitement de l\u2019information. Ils insistent sur la n\u00e9cessit\u00e9 de v\u00e9rifier l\u2019authenticit\u00e9 des faits avant de les diffuser, afin d\u2019\u00e9viter la propagation de rumeurs infond\u00e9es et de fausses informations susceptibles de nuire \u00e0 des individus.<\/p>\n\n\n\n<p><strong>Des recours juridiques envisag\u00e9s :<\/strong><\/p>\n\n\n\n<p>Face \u00e0 la gravit\u00e9 des accusations, Kerfalla CAMARA \u00ab KPC \u00bb se r\u00e9serve le droit d\u2019intenter des actions l\u00e9gales pour d\u00e9fendre son honneur et sa r\u00e9putation. \u00ab Pour l\u2019heure, Monsieur Kerfalla CAMARA &lt;&lt; KPC &gt;&gt; se r\u00e9serve le droit de prendre toutes les dispositions l\u00e9gales n\u00e9cessaires pour prot\u00e9ger son honneur et sa dignit\u00e9, notamment sur le plan p\u00e9nal \u00bb, ont affirm\u00e9 ses avocats, parmi lesquels M. Almamy TRAOR\u00c9, M. Alpha KOUROUMA et M. Hamidou DRAM\u00c9.<\/p>\n\n\n\n<p><strong>Une affaire \u00e0 suivre :<\/strong><\/p>\n\n\n\n<p>Alors que les avocats du journaliste Habib Marouane CAMARA ont d\u00e9j\u00e0 communiqu\u00e9 sur la situation de leur client dans la presse, cette affaire soul\u00e8ve une fois de plus la question de l\u2019\u00e9thique et de la responsabilit\u00e9 dans le traitement de l\u2019information. Le d\u00e9bat reste ouvert, mais une chose est claire : Kerfalla CAMARA \u00ab KPC \u00bb entend d\u00e9fendre fermement son int\u00e9grit\u00e9 face \u00e0 ces accusations qu\u2019il juge totalement infond\u00e9es.<\/p>\n\n\n\n<p><strong>Mamadouba CAMARA<\/strong><\/p>\n","protected":false},"excerpt":{"rendered":"<p>Dans une s\u00e9rie de d\u00e9clarations relay\u00e9es par certains blogueurs et plateformes m\u00e9diatiques, des all\u00e9gations ont \u00e9t\u00e9 port\u00e9es \u00e0 l\u2019encontre de Monsieur Kerfalla CAMARA, dit \u00ab KPC \u00bb, PDG de Guicopres, le liant aux r\u00e9cents \u00e9v\u00e9nements ayant conduit \u00e0 l\u2019arrestation du journaliste Habib Marouane CAMARA. Face \u00e0 ces accusations jug\u00e9es infond\u00e9es, le collectif d\u2019avocats de KPC [&hellip;]<\/p>\n","protected":false},"author":123458,"featured_media":7166,"comment_status":"open","ping_status":"open","sticky":false,"template":"","format":"standard","meta":{"_acf_changed":false,"footnotes":""},"categories":[11],"tags":[],"class_list":["post-7165","post","type-post","status-publish","format-standard","has-post-thumbnail","hentry","category-actualite"],"acf":[],"_links":{"self":[{"href":"https:\/\/lereveil224.info\/index.php\/wp-json\/wp\/v2\/posts\/7165","targetHints":{"allow":["GET"]}}],"collection":[{"href":"https:\/\/lereveil224.info\/index.php\/wp-json\/wp\/v2\/posts"}],"about":[{"href":"https:\/\/lereveil224.info\/index.php\/wp-json\/wp\/v2\/types\/post"}],"author":[{"embeddable":true,"href":"https:\/\/lereveil224.info\/index.php\/wp-json\/wp\/v2\/users\/123458"}],"replies":[{"embeddable":true,"href":"https:\/\/lereveil224.info\/index.php\/wp-json\/wp\/v2\/comments?post=7165"}],"version-history":[{"count":1,"href":"https:\/\/lereveil224.info\/index.php\/wp-json\/wp\/v2\/posts\/7165\/revisions"}],"predecessor-version":[{"id":7167,"href":"https:\/\/lereveil224.info\/index.php\/wp-json\/wp\/v2\/posts\/7165\/revisions\/7167"}],"wp:featuredmedia":[{"embeddable":true,"href":"https:\/\/lereveil224.info\/index.php\/wp-json\/wp\/v2\/media\/7166"}],"wp:attachment":[{"href":"https:\/\/lereveil224.info\/index.php\/wp-json\/wp\/v2\/media?parent=7165"}],"wp:term":[{"taxonomy":"category","embeddable":true,"href":"https:\/\/lereveil224.info\/index.php\/wp-json\/wp\/v2\/categories?post=7165"},{"taxonomy":"post_tag","embeddable":true,"href":"https:\/\/lereveil224.info\/index.php\/wp-json\/wp\/v2\/tags?post=7165"}],"curies":[{"name":"wp","href":"https:\/\/api.w.org\/{rel}","templated":true}]}}