{"id":7162,"date":"2024-12-03T19:17:25","date_gmt":"2024-12-03T19:17:25","guid":{"rendered":"https:\/\/lereveil224.info\/?p=7162"},"modified":"2024-12-03T19:17:26","modified_gmt":"2024-12-03T19:17:26","slug":"tragedie-a-nzerekore-lonu-se-mobilise-durgence-pour-les-victimes-et-leurs-familles","status":"publish","type":"post","link":"https:\/\/lereveil224.info\/index.php\/2024\/12\/03\/tragedie-a-nzerekore-lonu-se-mobilise-durgence-pour-les-victimes-et-leurs-familles\/","title":{"rendered":"Trag\u00e9die \u00e0 N\u2019Z\u00e9r\u00e9kor\u00e9 : l\u2019ONU se mobilise d\u2019urgence pour les victimes et leurs familles"},"content":{"rendered":"\n<p>Le Syst\u00e8me des Nations Unies (SNU) a annonc\u00e9 ce mardi 3 d\u00e9cembre 2024, sur la plateforme X, une mobilisation d\u2019urgence en r\u00e9ponse \u00e0 la bousculade meurtri\u00e8re survenue \u00e0 N\u2019Z\u00e9r\u00e9kor\u00e9. Cet incident tragique, qualifi\u00e9 de \u00ab\u00a0perte humaine et sociale immense\u00a0\u00bb, a suscit\u00e9 une onde de choc au niveau national et international.<\/p>\n\n\n\n<p>Dans un communiqu\u00e9 empreint de compassion, la Coordonnatrice R\u00e9sidente des Nations Unies a exprim\u00e9 ses sinc\u00e8res condol\u00e9ances aux familles endeuill\u00e9es et sa solidarit\u00e9 envers les bless\u00e9s et toutes les personnes touch\u00e9es par cette catastrophe.<\/p>\n\n\n\n<p><strong>Un appel \u00e0 la s\u00e9curit\u00e9 dans les lieux publics :<\/strong><\/p>\n\n\n\n<p>\u00ab Ce drame nous rappelle douloureusement l\u2019importance cruciale de garantir la s\u00e9curit\u00e9 dans les lieux publics. Nos pens\u00e9es vont aux familles endeuill\u00e9es, aux bless\u00e9s et \u00e0 toutes les personnes affect\u00e9es par cette catastrophe \u00bb, peut-on lire dans le communiqu\u00e9. La responsable onusienne a salu\u00e9 la r\u00e9activit\u00e9 du gouvernement guin\u00e9en, qui a rapidement mis en place des mesures de soutien psycho-m\u00e9dical pour les victimes.<\/p>\n\n\n\n<p>Elle a \u00e9galement soulign\u00e9 que l\u2019engagement des autorit\u00e9s \u00e0 mener une enqu\u00eate approfondie est essentiel pour \u00e9tablir la v\u00e9rit\u00e9, renforcer les dispositifs de pr\u00e9vention et garantir la justice.<\/p>\n\n\n\n<p><strong>Une r\u00e9ponse coordonn\u00e9e et rapide :<\/strong><\/p>\n\n\n\n<p>Conform\u00e9ment \u00e0 sa mission de r\u00e9ponse rapide aux crises, l\u2019ONU a convoqu\u00e9 une r\u00e9union d\u2019urgence de l\u2019\u00c9quipe d\u2019Urgence Pays (EUP). Cette rencontre vise \u00e0 \u00e9valuer les besoins prioritaires et \u00e0 coordonner une assistance humanitaire, m\u00e9dicale et psychologique en compl\u00e9ment des efforts d\u00e9ploy\u00e9s par le gouvernement.<\/p>\n\n\n\n<p>\u00ab L\u2019objectif est de fournir une r\u00e9ponse imm\u00e9diate et adapt\u00e9e \u00e0 la gravit\u00e9 de la situation \u00bb, pr\u00e9cise le communiqu\u00e9, insistant sur la n\u00e9cessit\u00e9 de travailler en synergie pour soutenir efficacement les victimes et leurs proches.<\/p>\n\n\n\n<p><strong>Un appel \u00e0 la solidarit\u00e9 et \u00e0 la pr\u00e9vention :<\/strong><\/p>\n\n\n\n<p>Au-del\u00e0 de l\u2019assistance imm\u00e9diate, les Nations Unies appellent \u00e0 une mobilisation collective pour \u00e9viter que de tels drames ne se reproduisent. Elles insistent sur la n\u00e9cessit\u00e9 de renforcer les m\u00e9canismes de gestion des foules et les dispositifs de s\u00e9curit\u00e9 dans les espaces publics.<\/p>\n\n\n\n<p>La trag\u00e9die de N\u2019Z\u00e9r\u00e9kor\u00e9 r\u00e9sonne comme un appel urgent \u00e0 l\u2019action, mettant en lumi\u00e8re l\u2019importance d\u2019une vigilance accrue et d\u2019une solidarit\u00e9 renforc\u00e9e face aux crises. Les victimes et leurs familles comptent sur une r\u00e9ponse humaine et efficace pour les aider \u00e0 surmonter cette \u00e9preuve.<\/p>\n\n\n\n<p><strong>Mamadouba CAMARA<\/strong><\/p>\n","protected":false},"excerpt":{"rendered":"<p>Le Syst\u00e8me des Nations Unies (SNU) a annonc\u00e9 ce mardi 3 d\u00e9cembre 2024, sur la plateforme X, une mobilisation d\u2019urgence en r\u00e9ponse \u00e0 la bousculade meurtri\u00e8re survenue \u00e0 N\u2019Z\u00e9r\u00e9kor\u00e9. Cet incident tragique, qualifi\u00e9 de \u00ab\u00a0perte humaine et sociale immense\u00a0\u00bb, a suscit\u00e9 une onde de choc au niveau national et international. Dans un communiqu\u00e9 empreint de [&hellip;]<\/p>\n","protected":false},"author":123458,"featured_media":7163,"comment_status":"open","ping_status":"open","sticky":false,"template":"","format":"standard","meta":{"_acf_changed":false,"footnotes":""},"categories":[11,18,9],"tags":[],"class_list":["post-7162","post","type-post","status-publish","format-standard","has-post-thumbnail","hentry","category-actualite","category-region","category-sport"],"acf":[],"_links":{"self":[{"href":"https:\/\/lereveil224.info\/index.php\/wp-json\/wp\/v2\/posts\/7162","targetHints":{"allow":["GET"]}}],"collection":[{"href":"https:\/\/lereveil224.info\/index.php\/wp-json\/wp\/v2\/posts"}],"about":[{"href":"https:\/\/lereveil224.info\/index.php\/wp-json\/wp\/v2\/types\/post"}],"author":[{"embeddable":true,"href":"https:\/\/lereveil224.info\/index.php\/wp-json\/wp\/v2\/users\/123458"}],"replies":[{"embeddable":true,"href":"https:\/\/lereveil224.info\/index.php\/wp-json\/wp\/v2\/comments?post=7162"}],"version-history":[{"count":1,"href":"https:\/\/lereveil224.info\/index.php\/wp-json\/wp\/v2\/posts\/7162\/revisions"}],"predecessor-version":[{"id":7164,"href":"https:\/\/lereveil224.info\/index.php\/wp-json\/wp\/v2\/posts\/7162\/revisions\/7164"}],"wp:featuredmedia":[{"embeddable":true,"href":"https:\/\/lereveil224.info\/index.php\/wp-json\/wp\/v2\/media\/7163"}],"wp:attachment":[{"href":"https:\/\/lereveil224.info\/index.php\/wp-json\/wp\/v2\/media?parent=7162"}],"wp:term":[{"taxonomy":"category","embeddable":true,"href":"https:\/\/lereveil224.info\/index.php\/wp-json\/wp\/v2\/categories?post=7162"},{"taxonomy":"post_tag","embeddable":true,"href":"https:\/\/lereveil224.info\/index.php\/wp-json\/wp\/v2\/tags?post=7162"}],"curies":[{"name":"wp","href":"https:\/\/api.w.org\/{rel}","templated":true}]}}