{"id":7156,"date":"2024-12-03T17:31:06","date_gmt":"2024-12-03T17:31:06","guid":{"rendered":"https:\/\/lereveil224.info\/?p=7156"},"modified":"2024-12-03T17:31:06","modified_gmt":"2024-12-03T17:31:06","slug":"justice-et-liberte-de-la-presse-le-verdict-du-proces-de-bakary-gamalo-bamba","status":"publish","type":"post","link":"https:\/\/lereveil224.info\/index.php\/2024\/12\/03\/justice-et-liberte-de-la-presse-le-verdict-du-proces-de-bakary-gamalo-bamba\/","title":{"rendered":"Justice et Libert\u00e9 de la Presse : Le Verdict du Proc\u00e8s de Bakary Gamalo BAMBA"},"content":{"rendered":"\n<p>Ce mardi 3 d\u00e9cembre 2024, le tribunal de premi\u00e8re instance de Kaloum a rendu son verdict dans l&rsquo;affaire opposant le journaliste Bakary Gamalo BAMBA au pr\u00e9sident de la Cour de r\u00e9pression des infractions \u00e9conomiques et financi\u00e8res (CRIEF), Francis Kova ZOUMANIGUI. Le directeur du journal Le Baobab a \u00e9t\u00e9 reconnu coupable d&rsquo;atteinte \u00e0 la vie priv\u00e9e et condamn\u00e9 \u00e0 six mois de prison avec sursis, assortis d&rsquo;une amende d&rsquo;un million de GNF.<\/p>\n\n\n\n<p>L&rsquo;affaire d\u00e9coule d&rsquo;une plainte d\u00e9pos\u00e9e par Francis Kova ZOUMANIGUI, qui reprochait au journaliste d&rsquo;avoir enregistr\u00e9 une conversation priv\u00e9e sans autorisation pr\u00e9alable. Selon le plaignant, cet enregistrement constituait une violation flagrante de son intimit\u00e9.<\/p>\n\n\n\n<p>Lors de son audition, Bakary Gamalo BAMBA a admis les faits, tout en justifiant son acte par des exigences professionnelles. Il a d\u00e9clar\u00e9 avoir proc\u00e9d\u00e9 \u00e0 cet enregistrement pour garantir la pr\u00e9cision de son compte rendu journalistique sur une enqu\u00eate impliquant l\u2019ex-ministre de la sant\u00e9, Remy LAMAH.<\/p>\n\n\n\n<p>Le procureur, dans ses r\u00e9quisitions, avait demand\u00e9 une peine d\u2019un an de prison ferme contre le journaliste. Cependant, le tribunal a opt\u00e9 pour une approche plus cl\u00e9mente, pronon\u00e7ant une peine avec sursis et fixant une amende symbolique. En outre, la confiscation du t\u00e9l\u00e9phone ayant servi \u00e0 l&rsquo;enregistrement a \u00e9t\u00e9 ordonn\u00e9e.<\/p>\n\n\n\n<p><strong>Une D\u00e9cision \u00c9quilibr\u00e9e ou un Pr\u00e9c\u00e9dent Dangereux ?<\/strong><\/p>\n\n\n\n<p>Ce jugement soul\u00e8ve des questions cruciales sur les limites de la libert\u00e9 de la presse et le respect de la vie priv\u00e9e. D\u2019un c\u00f4t\u00e9, certains saluent la mod\u00e9ration de la sentence, estimant qu&rsquo;elle tient compte des contraintes du m\u00e9tier de journaliste. De l\u2019autre, cette d\u00e9cision pourrait instaurer un pr\u00e9c\u00e9dent inqui\u00e9tant pour les professionnels des m\u00e9dias, qui risquent d\u00e9sormais de voir leur travail entrav\u00e9 par des poursuites judiciaires similaires.<\/p>\n\n\n\n<p>Alors que la presse joue un r\u00f4le cl\u00e9 dans la lutte pour la transparence et la justice, ce cas met en lumi\u00e8re les tensions persistantes entre les droits individuels et l\u2019int\u00e9r\u00eat public. Il rappelle \u00e9galement aux journalistes l\u2019importance de respecter scrupuleusement les r\u00e8gles d\u2019\u00e9thique et de l\u00e9galit\u00e9 dans l\u2019exercice de leur m\u00e9tier.<\/p>\n\n\n\n<p><strong>Un D\u00e9bat National en Perspective :<\/strong><\/p>\n\n\n\n<p>Ce proc\u00e8s, largement m\u00e9diatis\u00e9, devrait relancer le d\u00e9bat sur la r\u00e9glementation de la presse en Guin\u00e9e, ainsi que sur les moyens de prot\u00e9ger \u00e0 la fois les journalistes et les citoyens. En attendant, Bakary Gamalo BAMBA pourra reprendre ses activit\u00e9s, mais sous la menace constante d\u2019un sursis qui pourrait se transformer en prison ferme en cas de r\u00e9cidive.<\/p>\n\n\n\n<p>La libert\u00e9 de la presse reste un pilier de la d\u00e9mocratie, mais elle ne saurait s\u2019exercer au m\u00e9pris des droits fondamentaux des individus. Ce proc\u00e8s rappelle l\u2019urgence de trouver un \u00e9quilibre entre ces deux imp\u00e9ratifs dans une soci\u00e9t\u00e9 en qu\u00eate de justice et de transparence.<\/p>\n\n\n\n<p><strong>Mamadouba CAMARA<\/strong><\/p>\n","protected":false},"excerpt":{"rendered":"<p>Ce mardi 3 d\u00e9cembre 2024, le tribunal de premi\u00e8re instance de Kaloum a rendu son verdict dans l&rsquo;affaire opposant le journaliste Bakary Gamalo BAMBA au pr\u00e9sident de la Cour de r\u00e9pression des infractions \u00e9conomiques et financi\u00e8res (CRIEF), Francis Kova ZOUMANIGUI. Le directeur du journal Le Baobab a \u00e9t\u00e9 reconnu coupable d&rsquo;atteinte \u00e0 la vie priv\u00e9e [&hellip;]<\/p>\n","protected":false},"author":123458,"featured_media":7157,"comment_status":"open","ping_status":"open","sticky":false,"template":"","format":"standard","meta":{"_acf_changed":false,"footnotes":""},"categories":[11],"tags":[],"class_list":["post-7156","post","type-post","status-publish","format-standard","has-post-thumbnail","hentry","category-actualite"],"acf":[],"_links":{"self":[{"href":"https:\/\/lereveil224.info\/index.php\/wp-json\/wp\/v2\/posts\/7156","targetHints":{"allow":["GET"]}}],"collection":[{"href":"https:\/\/lereveil224.info\/index.php\/wp-json\/wp\/v2\/posts"}],"about":[{"href":"https:\/\/lereveil224.info\/index.php\/wp-json\/wp\/v2\/types\/post"}],"author":[{"embeddable":true,"href":"https:\/\/lereveil224.info\/index.php\/wp-json\/wp\/v2\/users\/123458"}],"replies":[{"embeddable":true,"href":"https:\/\/lereveil224.info\/index.php\/wp-json\/wp\/v2\/comments?post=7156"}],"version-history":[{"count":1,"href":"https:\/\/lereveil224.info\/index.php\/wp-json\/wp\/v2\/posts\/7156\/revisions"}],"predecessor-version":[{"id":7158,"href":"https:\/\/lereveil224.info\/index.php\/wp-json\/wp\/v2\/posts\/7156\/revisions\/7158"}],"wp:featuredmedia":[{"embeddable":true,"href":"https:\/\/lereveil224.info\/index.php\/wp-json\/wp\/v2\/media\/7157"}],"wp:attachment":[{"href":"https:\/\/lereveil224.info\/index.php\/wp-json\/wp\/v2\/media?parent=7156"}],"wp:term":[{"taxonomy":"category","embeddable":true,"href":"https:\/\/lereveil224.info\/index.php\/wp-json\/wp\/v2\/categories?post=7156"},{"taxonomy":"post_tag","embeddable":true,"href":"https:\/\/lereveil224.info\/index.php\/wp-json\/wp\/v2\/tags?post=7156"}],"curies":[{"name":"wp","href":"https:\/\/api.w.org\/{rel}","templated":true}]}}