{"id":7073,"date":"2024-11-19T06:47:19","date_gmt":"2024-11-19T06:47:19","guid":{"rendered":"https:\/\/lereveil224.info\/?p=7073"},"modified":"2024-11-19T06:47:20","modified_gmt":"2024-11-19T06:47:20","slug":"cote-divoire-une-revision-de-la-liste-electorale-qui-interroge-la-democratie","status":"publish","type":"post","link":"https:\/\/lereveil224.info\/index.php\/2024\/11\/19\/cote-divoire-une-revision-de-la-liste-electorale-qui-interroge-la-democratie\/","title":{"rendered":"C\u00f4te d\u2019Ivoire : Une R\u00e9vision de la Liste \u00c9lectorale qui Interroge la D\u00e9mocratie"},"content":{"rendered":"\n<p>La r\u00e9vision de la liste \u00e9lectorale en C\u00f4te d\u2019Ivoire s\u2019est achev\u00e9e ce dimanche 17 novembre, cl\u00f4turant un mois d\u2019inscriptions cruciales en vue de la pr\u00e9sidentielle d\u2019octobre 2025. Cependant, cette \u00e9tape essentielle suscite de vives critiques, notamment de l\u2019opposition, qui juge le d\u00e9lai insuffisant pour atteindre l\u2019objectif des 4,5 millions de nouveaux \u00e9lecteurs.<\/p>\n\n\n\n<p><strong>Des obstacles administratifs d\u00e9nonc\u00e9s :<\/strong><\/p>\n\n\n\n<p>Pour S\u00e9bastien Danon Dj\u00e9dj\u00e9, pr\u00e9sident ex\u00e9cutif du PPA-CI, la lenteur de l\u2019administration dans la d\u00e9livrance des documents n\u00e9cessaires a p\u00e9nalis\u00e9 de nombreux Ivoiriens. \u00ab Beaucoup sont rest\u00e9s sur la touche \u00bb, a-t-il d\u00e9clar\u00e9, appelant \u00e0 une prorogation de trois mois et \u00e0 un recensement compl\u00e9mentaire en 2025.<\/p>\n\n\n\n<p>Le PDCI-RDA partage cette position. L\u2019avocat Jean-Chrysostome Blessy a exprim\u00e9 son indignation dans le journal Nouveau R\u00e9veil, qualifiant d\u2019\u00ab insignifiant \u00bb le nombre de citoyens actuellement habilit\u00e9s \u00e0 voter. \u00ab Seulement 3 \u00e0 3,5 millions de personnes \u00e9lisent le pr\u00e9sident. Cela interroge notre d\u00e9mocratie ! \u00bb, a-t-il martel\u00e9.<\/p>\n\n\n\n<p><strong>Une r\u00e9ponse mitig\u00e9e de la CEI :<\/strong><\/p>\n\n\n\n<p>Face \u00e0 ces accusations, la Commission \u00e9lectorale ind\u00e9pendante (CEI) a rejet\u00e9 la faute sur les partis politiques. Selon un responsable, il leur incombait de s\u2019assurer que leurs militants disposent des documents requis. Malgr\u00e9 les critiques, la CEI rapporte avoir enregistr\u00e9 500 000 nouvelles inscriptions ces derniers jours, un chiffre jug\u00e9 loin des attentes de l\u2019opposition.<\/p>\n\n\n\n<p><strong>Un enjeu d\u00e9mocratique majeur :<\/strong><\/p>\n\n\n\n<p>La r\u00e9vision de la liste \u00e9lectorale soul\u00e8ve des questions cruciales sur l\u2019inclusion citoyenne et la cr\u00e9dibilit\u00e9 du processus d\u00e9mocratique en C\u00f4te d\u2019Ivoire. Alors que le pays s\u2019appr\u00eate \u00e0 entrer dans une ann\u00e9e pr\u00e9\u00e9lectorale, les voix qui r\u00e9clament une r\u00e9forme du syst\u00e8me et une meilleure organisation se font entendre avec force.<\/p>\n\n\n\n<p>Pour l\u2019heure, l\u2019absence de prolongation semble acter une fin de l\u2019op\u00e9ration, mais elle pourrait laisser des millions de citoyens hors du processus \u00e9lectoral. Une situation qui risque d\u2019alimenter davantage les tensions politiques \u00e0 l\u2019approche de la pr\u00e9sidentielle de 2025.<\/p>\n\n\n\n<p><strong>Mamadouba CAMARA<\/strong><\/p>\n","protected":false},"excerpt":{"rendered":"<p>La r\u00e9vision de la liste \u00e9lectorale en C\u00f4te d\u2019Ivoire s\u2019est achev\u00e9e ce dimanche 17 novembre, cl\u00f4turant un mois d\u2019inscriptions cruciales en vue de la pr\u00e9sidentielle d\u2019octobre 2025. Cependant, cette \u00e9tape essentielle suscite de vives critiques, notamment de l\u2019opposition, qui juge le d\u00e9lai insuffisant pour atteindre l\u2019objectif des 4,5 millions de nouveaux \u00e9lecteurs. Des obstacles administratifs [&hellip;]<\/p>\n","protected":false},"author":123458,"featured_media":7074,"comment_status":"open","ping_status":"open","sticky":false,"template":"","format":"standard","meta":{"_acf_changed":false,"footnotes":""},"categories":[11,2],"tags":[],"class_list":["post-7073","post","type-post","status-publish","format-standard","has-post-thumbnail","hentry","category-actualite","category-politique"],"acf":[],"_links":{"self":[{"href":"https:\/\/lereveil224.info\/index.php\/wp-json\/wp\/v2\/posts\/7073","targetHints":{"allow":["GET"]}}],"collection":[{"href":"https:\/\/lereveil224.info\/index.php\/wp-json\/wp\/v2\/posts"}],"about":[{"href":"https:\/\/lereveil224.info\/index.php\/wp-json\/wp\/v2\/types\/post"}],"author":[{"embeddable":true,"href":"https:\/\/lereveil224.info\/index.php\/wp-json\/wp\/v2\/users\/123458"}],"replies":[{"embeddable":true,"href":"https:\/\/lereveil224.info\/index.php\/wp-json\/wp\/v2\/comments?post=7073"}],"version-history":[{"count":1,"href":"https:\/\/lereveil224.info\/index.php\/wp-json\/wp\/v2\/posts\/7073\/revisions"}],"predecessor-version":[{"id":7075,"href":"https:\/\/lereveil224.info\/index.php\/wp-json\/wp\/v2\/posts\/7073\/revisions\/7075"}],"wp:featuredmedia":[{"embeddable":true,"href":"https:\/\/lereveil224.info\/index.php\/wp-json\/wp\/v2\/media\/7074"}],"wp:attachment":[{"href":"https:\/\/lereveil224.info\/index.php\/wp-json\/wp\/v2\/media?parent=7073"}],"wp:term":[{"taxonomy":"category","embeddable":true,"href":"https:\/\/lereveil224.info\/index.php\/wp-json\/wp\/v2\/categories?post=7073"},{"taxonomy":"post_tag","embeddable":true,"href":"https:\/\/lereveil224.info\/index.php\/wp-json\/wp\/v2\/tags?post=7073"}],"curies":[{"name":"wp","href":"https:\/\/api.w.org\/{rel}","templated":true}]}}