{"id":7062,"date":"2024-11-15T22:18:36","date_gmt":"2024-11-15T22:18:36","guid":{"rendered":"https:\/\/lereveil224.info\/?p=7062"},"modified":"2024-11-15T22:18:36","modified_gmt":"2024-11-15T22:18:36","slug":"nzerekore-lancement-officiel-du-tournoi-de-la-refondation-dote-du-trophee-gmd","status":"publish","type":"post","link":"https:\/\/lereveil224.info\/index.php\/2024\/11\/15\/nzerekore-lancement-officiel-du-tournoi-de-la-refondation-dote-du-trophee-gmd\/","title":{"rendered":"N&rsquo;Z\u00e9r\u00e9kor\u00e9 : Lancement officiel du tournoi de la refondation dot\u00e9 du troph\u00e9e GMD"},"content":{"rendered":"\n<p>Ce vendredi 15 novembre 2024, la salle de r\u00e9union de la pr\u00e9fecture de N&rsquo;Z\u00e9r\u00e9kor\u00e9, sous la pr\u00e9sidence du gouverneur de la r\u00e9gion administrative, a servi de cadre pour le lancement du tournoi de football, dot\u00e9 du troph\u00e9e le g\u00e9n\u00e9ral des arm\u00e9es Mamadi DOUMBOUYA.<\/p>\n\n\n\n<figure class=\"wp-block-image size-full\"><img fetchpriority=\"high\" decoding=\"async\" width=\"1016\" height=\"762\" src=\"https:\/\/lereveil224.info\/wp-content\/uploads\/2024\/11\/IMG-20241115-WA0001.jpg\" alt=\"\" class=\"wp-image-7064\" srcset=\"https:\/\/lereveil224.info\/wp-content\/uploads\/2024\/11\/IMG-20241115-WA0001.jpg 1016w, https:\/\/lereveil224.info\/wp-content\/uploads\/2024\/11\/IMG-20241115-WA0001-300x225.jpg 300w, https:\/\/lereveil224.info\/wp-content\/uploads\/2024\/11\/IMG-20241115-WA0001-768x576.jpg 768w, https:\/\/lereveil224.info\/wp-content\/uploads\/2024\/11\/IMG-20241115-WA0001-86x64.jpg 86w\" sizes=\"(max-width: 1016px) 100vw, 1016px\" \/><\/figure>\n\n\n\n<p>Dans son discours de bienvenue le colonel Alseny CAMARA, pr\u00e9fet de N&rsquo;Z\u00e9r\u00e9kor\u00e9 souligne \u00ab c&rsquo;est pour moi une grande joie de voir ma pr\u00e9fecture abrit\u00e9 un \u00e9v\u00e8nement aussi important que le tournoi du Pr\u00e9sident de R\u00e9publique SE le G\u00e9n\u00e9ral des Arm\u00e9es Mamadi DOUMBOUYA, en guise de reconnaissance mais aussi de soutien, pour la coh\u00e9sion sociale. C&rsquo;est pourquoi je vous r\u00e9it\u00e8re mon engagement et ma fid\u00e9lit\u00e9 pour l&rsquo;accompagnement de la commission d&rsquo;organisation pour la r\u00e9ussite de cet \u00e9v\u00e9nement \u00e0 dimension nationale.\u00bb<\/p>\n\n\n\n<figure class=\"wp-block-image size-full\"><img decoding=\"async\" width=\"1016\" height=\"762\" src=\"https:\/\/lereveil224.info\/wp-content\/uploads\/2024\/11\/IMG-20241115-WA0003.jpg\" alt=\"\" class=\"wp-image-7065\" srcset=\"https:\/\/lereveil224.info\/wp-content\/uploads\/2024\/11\/IMG-20241115-WA0003.jpg 1016w, https:\/\/lereveil224.info\/wp-content\/uploads\/2024\/11\/IMG-20241115-WA0003-300x225.jpg 300w, https:\/\/lereveil224.info\/wp-content\/uploads\/2024\/11\/IMG-20241115-WA0003-768x576.jpg 768w, https:\/\/lereveil224.info\/wp-content\/uploads\/2024\/11\/IMG-20241115-WA0003-86x64.jpg 86w\" sizes=\"(max-width: 1016px) 100vw, 1016px\" \/><\/figure>\n\n\n\n<figure class=\"wp-block-image size-full\"><img decoding=\"async\" width=\"1016\" height=\"762\" src=\"https:\/\/lereveil224.info\/wp-content\/uploads\/2024\/11\/IMG-20241115-WA0003.jpg\" alt=\"\" class=\"wp-image-7065\" srcset=\"https:\/\/lereveil224.info\/wp-content\/uploads\/2024\/11\/IMG-20241115-WA0003.jpg 1016w, https:\/\/lereveil224.info\/wp-content\/uploads\/2024\/11\/IMG-20241115-WA0003-300x225.jpg 300w, https:\/\/lereveil224.info\/wp-content\/uploads\/2024\/11\/IMG-20241115-WA0003-768x576.jpg 768w, https:\/\/lereveil224.info\/wp-content\/uploads\/2024\/11\/IMG-20241115-WA0003-86x64.jpg 86w\" sizes=\"(max-width: 1016px) 100vw, 1016px\" \/><\/figure>\n\n\n\n<p>Pour le pr\u00e9sident de l&rsquo;alliance des jeunes Leaders de la for\u00eat Monsieur Sabain Kphogomou, \u00ab c&rsquo;est dans le cadre de la reconnaissance des efforts du pr\u00e9sident que nous avons mis cette initiative en place. C&rsquo;est pour dire \u00e0 la face du monde, que la for\u00eat est pr\u00eate \u00e0 soutenir le g\u00e9n\u00e9ral des arm\u00e9es Mamadi DOUMBOUYA, pour le maintien de la paix et de la coh\u00e9sion sociale dans la cit\u00e9 \u00bb<\/p>\n\n\n\n<p>Poursuivant il pr\u00e9cise \u00ab c&rsquo;est aussi l&rsquo;occasion pour nous jeunes de la for\u00eat de lancer un appel aux dirigeants de notre pays pour la mise \u00e0 disposition des contrats de d\u00e9veloppement socio\u00e9conomique aux fils entrepreneurs de la r\u00e9gion. Et cel\u00e0 en vu d&rsquo;accro\u00eetre la croissance \u00e9conomique des populations de la r\u00e9gion \u00bb dira Sabain KPHOGOMOU, pr\u00e9sident de la coalition des jeunes Leaders de la for\u00eat.<\/p>\n\n\n\n<p>L&rsquo;enveloppe du tournoi se chiffre \u00e0 117 millions a pr\u00e9ciser Monsieur Alice Dor\u00e9, secr\u00e9taire g\u00e9n\u00e9ral de l&rsquo;alliance des jeunes Leaders de la for\u00eat. Par la suite il a d\u00e9taill\u00e9 ce qui suit \u00ab la premi\u00e8re place aura 30 millions, la deuxi\u00e8me place 20 millions, la troisi\u00e8me place 10 millions, le meilleur joueur, meilleur buteur et meilleur gardien chacun 2 millions et chaque \u00e9quipe \u00e0 5 millions comme prime de participation et que chaque \u00e9quipe a son jeux de maillot et balons. De m\u00eame que 6 millions pour les 12 arbitres.\u00bb<\/p>\n\n\n\n<figure class=\"wp-block-image size-full\"><img decoding=\"async\" width=\"762\" height=\"706\" src=\"https:\/\/lereveil224.info\/wp-content\/uploads\/2024\/11\/IMG-20241115-WA0000_1.jpg\" alt=\"\" class=\"wp-image-7063\" srcset=\"https:\/\/lereveil224.info\/wp-content\/uploads\/2024\/11\/IMG-20241115-WA0000_1.jpg 762w, https:\/\/lereveil224.info\/wp-content\/uploads\/2024\/11\/IMG-20241115-WA0000_1-300x278.jpg 300w\" sizes=\"(max-width: 762px) 100vw, 762px\" \/><\/figure>\n\n\n\n<figure class=\"wp-block-image size-full\"><img decoding=\"async\" width=\"762\" height=\"706\" src=\"https:\/\/lereveil224.info\/wp-content\/uploads\/2024\/11\/IMG-20241115-WA0000_1.jpg\" alt=\"\" class=\"wp-image-7063\" srcset=\"https:\/\/lereveil224.info\/wp-content\/uploads\/2024\/11\/IMG-20241115-WA0000_1.jpg 762w, https:\/\/lereveil224.info\/wp-content\/uploads\/2024\/11\/IMG-20241115-WA0000_1-300x278.jpg 300w\" sizes=\"(max-width: 762px) 100vw, 762px\" \/><\/figure>\n\n\n\n<p>En sa qualit\u00e9 de gouverneur de la r\u00e9gion administrative de N&rsquo;Z\u00e9r\u00e9kor\u00e9 le contr\u00f4leur g\u00e9n\u00e9ral de police Lamine Keita, s&rsquo;est exprim\u00e9 en ces termes \u00ab voir la r\u00e9gion de N&rsquo;Z\u00e9r\u00e9kor\u00e9, recevoir les pr\u00e9fectures de Lab\u00e9, Kindia, Kankan, Kissidougou et toutes les pr\u00e9fectures de la r\u00e9gion en plus des sous pr\u00e9fectures de Koul\u00e9 et de Goueck\u00e9, est un sentiment de joie et de satisfaction. Car cette r\u00e9gion est devenu aujourd&rsquo;hui la destination privil\u00e9gi\u00e9e de toutes et de tous \u00e0 cause de la paix et de la coh\u00e9sion. Tout cel\u00e0 dans la dynamique du pr\u00e9sident de la R\u00e9publique son Excellence g\u00e9n\u00e9ral des arm\u00e9es Mamadi DOUMBOUYA. Qui a une vision claire pour le bien de la Guin\u00e9e et des Guin\u00e9ens. Raisons pour la quelle le m\u00e9ga projet Simandou 2040, un r\u00eave hier est la parfaite illustration de son degr\u00e9 de patriotisme.\u00bb<\/p>\n\n\n\n<p>\u00c0 noter que cette c\u00e9r\u00e9monie qui \u00e0 connue la pr\u00e9sence de M. Mamadjan DIALLO, Conseiller principal \u00e0 la PRG, Alpha Cabinet DIOUBAT\u00c9 responsable des r\u00e9formes de la s\u00e9curit\u00e9 \u00e0 la PRG et de Souleymane Sy SAVAN\u00c9, DGA de l&rsquo;agence de l&rsquo;autorit\u00e9 de r\u00e9gulation des jeux ainsi que de plusieurs autres cadres originaires et natifs de la for\u00eat, ont pris part au tirage au sort des diff\u00e9rentes \u00e9quipes. Et le match d&rsquo;ouverture opposera l&rsquo;\u00e9quipe de N&rsquo;Z\u00e9r\u00e9kor\u00e9 \u00e0 celle de Gueckedou, ce samedi 16 novembre 2024, au stade du 3 avril \u00e0 15h. Cette rencontre sera pr\u00e9c\u00e9d\u00e9e de la r\u00e9ception du ministre secr\u00e9taire g\u00e9n\u00e9ral de la pr\u00e9sidence de la R\u00e9publique le G\u00e9n\u00e9ral Amara CAMARA.<\/p>\n\n\n\n<p><strong>Thierno Amadou DIALLO<\/strong><\/p>\n","protected":false},"excerpt":{"rendered":"<p>Ce vendredi 15 novembre 2024, la salle de r\u00e9union de la pr\u00e9fecture de N&rsquo;Z\u00e9r\u00e9kor\u00e9, sous la pr\u00e9sidence du gouverneur de la r\u00e9gion administrative, a servi de cadre pour le lancement du tournoi de football, dot\u00e9 du troph\u00e9e le g\u00e9n\u00e9ral des arm\u00e9es Mamadi DOUMBOUYA. Dans son discours de bienvenue le colonel Alseny CAMARA, pr\u00e9fet de N&rsquo;Z\u00e9r\u00e9kor\u00e9 [&hellip;]<\/p>\n","protected":false},"author":123458,"featured_media":7066,"comment_status":"open","ping_status":"open","sticky":false,"template":"","format":"standard","meta":{"_acf_changed":false,"footnotes":""},"categories":[11,9],"tags":[],"class_list":["post-7062","post","type-post","status-publish","format-standard","has-post-thumbnail","hentry","category-actualite","category-sport"],"acf":[],"_links":{"self":[{"href":"https:\/\/lereveil224.info\/index.php\/wp-json\/wp\/v2\/posts\/7062","targetHints":{"allow":["GET"]}}],"collection":[{"href":"https:\/\/lereveil224.info\/index.php\/wp-json\/wp\/v2\/posts"}],"about":[{"href":"https:\/\/lereveil224.info\/index.php\/wp-json\/wp\/v2\/types\/post"}],"author":[{"embeddable":true,"href":"https:\/\/lereveil224.info\/index.php\/wp-json\/wp\/v2\/users\/123458"}],"replies":[{"embeddable":true,"href":"https:\/\/lereveil224.info\/index.php\/wp-json\/wp\/v2\/comments?post=7062"}],"version-history":[{"count":1,"href":"https:\/\/lereveil224.info\/index.php\/wp-json\/wp\/v2\/posts\/7062\/revisions"}],"predecessor-version":[{"id":7067,"href":"https:\/\/lereveil224.info\/index.php\/wp-json\/wp\/v2\/posts\/7062\/revisions\/7067"}],"wp:featuredmedia":[{"embeddable":true,"href":"https:\/\/lereveil224.info\/index.php\/wp-json\/wp\/v2\/media\/7066"}],"wp:attachment":[{"href":"https:\/\/lereveil224.info\/index.php\/wp-json\/wp\/v2\/media?parent=7062"}],"wp:term":[{"taxonomy":"category","embeddable":true,"href":"https:\/\/lereveil224.info\/index.php\/wp-json\/wp\/v2\/categories?post=7062"},{"taxonomy":"post_tag","embeddable":true,"href":"https:\/\/lereveil224.info\/index.php\/wp-json\/wp\/v2\/tags?post=7062"}],"curies":[{"name":"wp","href":"https:\/\/api.w.org\/{rel}","templated":true}]}}