{"id":6953,"date":"2024-10-24T11:55:01","date_gmt":"2024-10-24T11:55:01","guid":{"rendered":"https:\/\/lereveil224.info\/?p=6953"},"modified":"2024-10-24T11:55:02","modified_gmt":"2024-10-24T11:55:02","slug":"face-aux-crises-globales-bah-oury-appelle-a-une-solidarite-internationale-pour-une-industrialisation-resiliente","status":"publish","type":"post","link":"https:\/\/lereveil224.info\/index.php\/2024\/10\/24\/face-aux-crises-globales-bah-oury-appelle-a-une-solidarite-internationale-pour-une-industrialisation-resiliente\/","title":{"rendered":"Face aux Crises Globales, BAH Oury Appelle \u00e0 une Solidarit\u00e9 Internationale pour une Industrialisation R\u00e9siliente"},"content":{"rendered":"\n<p>Lors du Forum multilat\u00e9ral sur la politique industrielle (MIPF) organis\u00e9 \u00e0 Riyad par l&rsquo;Organisation des Nations Unies pour le d\u00e9veloppement industriel (ONUDI), le Premier ministre BAH Oury a lanc\u00e9 un appel pressant \u00e0 la communaut\u00e9 internationale, ce mercredi 23 octobre 2024. Dans un discours marqu\u00e9 par l\u2019urgence des d\u00e9fis contemporains, il a mis en garde contre les crises multiples mena\u00e7ant la stabilit\u00e9 mondiale, tout en plaidant pour une action collective et coordonn\u00e9e.<\/p>\n\n\n\n<p>BAH Oury a \u00e9voqu\u00e9 les transformations profondes qui bouleversent les \u00e9conomies et les soci\u00e9t\u00e9s \u00e0 travers le globe : changement climatique, fragilit\u00e9 des cha\u00eenes d&rsquo;approvisionnement, conflits g\u00e9opolitiques et crises sanitaires. \u00ab\u00a0Nous vivons dans un monde o\u00f9 nos volont\u00e9s sont constamment perturb\u00e9es par des transformations profondes\u00a0\u00bb, a-t-il d\u00e9clar\u00e9, en rappelant les crises sanitaires r\u00e9centes comme Ebola, la Covid-19 et le MPOX. Selon lui, seule une solidarit\u00e9 active entre les nations permettra de surmonter ces \u00e9preuves.<\/p>\n\n\n\n<p>Industrialisation : Cl\u00e9 pour R\u00e9duire la Pression Migratoire<\/p>\n\n\n\n<p>Le Premier ministre a \u00e9galement soulign\u00e9 l\u2019importance de l\u2019industrialisation, notamment celle de l\u2019Afrique, comme r\u00e9ponse aux d\u00e9fis actuels. Il a affirm\u00e9 que le d\u00e9veloppement \u00e9conomique du continent pourrait freiner la crise migratoire qui affecte l\u2019Europe, en cr\u00e9ant des opportunit\u00e9s locales et en r\u00e9duisant ainsi la pression migratoire. \u00ab\u00a0L\u2019industrialisation de l\u2019Afrique est une solution durable pour offrir \u00e0 nos populations des perspectives de d\u00e9veloppement chez elles\u00a0\u00bb, a-t-il affirm\u00e9 avec force.<\/p>\n\n\n\n<p>BAH Oury a ensuite mis en lumi\u00e8re les objectifs de la Zone de libre-\u00e9change continentale africaine (ZLECAF) et les Objectifs de d\u00e9veloppement durable (ODD), en particulier l&rsquo;ODD 9 qui pr\u00f4ne une industrialisation inclusive et durable. Il a insist\u00e9 sur la transition \u00e9nerg\u00e9tique, la num\u00e9risation et le renforcement des cha\u00eenes d\u2019approvisionnement comme leviers indispensables pour une industrialisation r\u00e9siliente. \u00ab\u00a0L\u2019intelligence artificielle, combin\u00e9e \u00e0 l\u2019automatisation, jouera un r\u00f4le d\u00e9terminant pour optimiser la production et renforcer nos \u00e9conomies\u00a0\u00bb, a-t-il ajout\u00e9.<\/p>\n\n\n\n<p>Il faut noter, BAH Oury a exhort\u00e9 la communaut\u00e9 internationale \u00e0 agir avec une d\u00e9termination renouvel\u00e9e face aux crises globales. Selon lui, seule une coop\u00e9ration internationale fond\u00e9e sur la confiance permettra de b\u00e2tir un avenir prosp\u00e8re pour tous. Le message du Premier ministre guin\u00e9en r\u00e9sonne comme un appel \u00e0 l\u2019unit\u00e9 et \u00e0 la mise en \u0153uvre rapide de solutions concr\u00e8tes pour un d\u00e9veloppement \u00e9conomique r\u00e9silient, face \u00e0 un monde en pleine mutation.<\/p>\n\n\n\n<p><strong>Mamadouba CAMARA<\/strong><\/p>\n","protected":false},"excerpt":{"rendered":"<p>Lors du Forum multilat\u00e9ral sur la politique industrielle (MIPF) organis\u00e9 \u00e0 Riyad par l&rsquo;Organisation des Nations Unies pour le d\u00e9veloppement industriel (ONUDI), le Premier ministre BAH Oury a lanc\u00e9 un appel pressant \u00e0 la communaut\u00e9 internationale, ce mercredi 23 octobre 2024. Dans un discours marqu\u00e9 par l\u2019urgence des d\u00e9fis contemporains, il a mis en garde [&hellip;]<\/p>\n","protected":false},"author":123458,"featured_media":6954,"comment_status":"open","ping_status":"open","sticky":false,"template":"","format":"standard","meta":{"_acf_changed":false,"footnotes":""},"categories":[11,30],"tags":[],"class_list":["post-6953","post","type-post","status-publish","format-standard","has-post-thumbnail","hentry","category-actualite","category-international"],"acf":[],"_links":{"self":[{"href":"https:\/\/lereveil224.info\/index.php\/wp-json\/wp\/v2\/posts\/6953","targetHints":{"allow":["GET"]}}],"collection":[{"href":"https:\/\/lereveil224.info\/index.php\/wp-json\/wp\/v2\/posts"}],"about":[{"href":"https:\/\/lereveil224.info\/index.php\/wp-json\/wp\/v2\/types\/post"}],"author":[{"embeddable":true,"href":"https:\/\/lereveil224.info\/index.php\/wp-json\/wp\/v2\/users\/123458"}],"replies":[{"embeddable":true,"href":"https:\/\/lereveil224.info\/index.php\/wp-json\/wp\/v2\/comments?post=6953"}],"version-history":[{"count":1,"href":"https:\/\/lereveil224.info\/index.php\/wp-json\/wp\/v2\/posts\/6953\/revisions"}],"predecessor-version":[{"id":6955,"href":"https:\/\/lereveil224.info\/index.php\/wp-json\/wp\/v2\/posts\/6953\/revisions\/6955"}],"wp:featuredmedia":[{"embeddable":true,"href":"https:\/\/lereveil224.info\/index.php\/wp-json\/wp\/v2\/media\/6954"}],"wp:attachment":[{"href":"https:\/\/lereveil224.info\/index.php\/wp-json\/wp\/v2\/media?parent=6953"}],"wp:term":[{"taxonomy":"category","embeddable":true,"href":"https:\/\/lereveil224.info\/index.php\/wp-json\/wp\/v2\/categories?post=6953"},{"taxonomy":"post_tag","embeddable":true,"href":"https:\/\/lereveil224.info\/index.php\/wp-json\/wp\/v2\/tags?post=6953"}],"curies":[{"name":"wp","href":"https:\/\/api.w.org\/{rel}","templated":true}]}}