{"id":6947,"date":"2024-10-24T11:32:20","date_gmt":"2024-10-24T11:32:20","guid":{"rendered":"https:\/\/lereveil224.info\/?p=6947"},"modified":"2024-10-24T11:32:21","modified_gmt":"2024-10-24T11:32:21","slug":"nord-kivu-le-m23-reprend-kalembe-des-combats-violents-relancent-la-tension-dans-lest-de-la-rdc","status":"publish","type":"post","link":"https:\/\/lereveil224.info\/index.php\/2024\/10\/24\/nord-kivu-le-m23-reprend-kalembe-des-combats-violents-relancent-la-tension-dans-lest-de-la-rdc\/","title":{"rendered":"Nord-Kivu : Le M23 reprend Kalembe, des combats violents relancent la tension dans l&rsquo;Est de la RDC"},"content":{"rendered":"\n<p>Mercredi 23 octobre, les rebelles du M23, soutenus par le Rwanda, ont une nouvelle fois pris le contr\u00f4le de la ville strat\u00e9gique de Kalembe, dans la province du Nord-Kivu, en R\u00e9publique d\u00e9mocratique du Congo (RDC). Ce coup de force survient apr\u00e8s une premi\u00e8re prise de la ville le dimanche pr\u00e9c\u00e9dent, repouss\u00e9e rapidement par les milices pro-gouvernementales, les \u00ab\u00a0Wazalendo\u00a0\u00bb. Cependant, cette fois, apr\u00e8s de violents combats qui ont \u00e9clat\u00e9 aux premi\u00e8res lueurs de la matin\u00e9e, les forces rebelles ont r\u00e9ussi \u00e0 s&rsquo;installer solidement dans la localit\u00e9.<\/p>\n\n\n\n<p>Kalembe, avec plus de 40 000 habitants, est situ\u00e9e sur un axe routier crucial qui dessert des gisements miniers riches en or, coltan et diamants dans le territoire de Walikale. Ce qui fait de cette ville un enjeu strat\u00e9gique majeur pour les forces en pr\u00e9sence. Les affrontements ont provoqu\u00e9 une panique g\u00e9n\u00e9ralis\u00e9e, for\u00e7ant de nombreux civils \u00e0 fuir leurs habitations sous le bruit des armes lourdes.<\/p>\n\n\n\n<p>Le porte-parole des \u00ab\u00a0Wazalendo\u00a0\u00bb n\u2019a pas confirm\u00e9 la perte de Kalembe, mais a admis que les milices pro-Kinshasa ont d\u00fb abandonner certaines positions au profit des forces du M23. Les combattants alli\u00e9s aux Forces arm\u00e9es de la R\u00e9publique d\u00e9mocratique du Congo (FARDC) se seraient repli\u00e9s vers le village de Malemo, dans le territoire strat\u00e9gique de Walikale.<\/p>\n\n\n\n<p>Les combats se sont \u00e9galement \u00e9tendus \u00e0 d&rsquo;autres localit\u00e9s, notamment \u00e0 Ihula et Kahira, o\u00f9 des affrontements similaires ont oppos\u00e9 les rebelles du M23 et les milices pro-gouvernementales. Cette mont\u00e9e en violence intervient apr\u00e8s plusieurs semaines de calme relatif, alors qu&rsquo;un cessez-le-feu avait \u00e9t\u00e9 instaur\u00e9 depuis le d\u00e9but du mois d&rsquo;ao\u00fbt. Toutefois, les n\u00e9gociations entre le Rwanda et Kinshasa peinent \u00e0 aboutir, laissant planer une incertitude sur l&rsquo;avenir de la r\u00e9gion.<\/p>\n\n\n\n<p>Cette reprise des hostilit\u00e9s dans l\u2019Est de la RDC met une nouvelle fois en lumi\u00e8re l&rsquo;instabilit\u00e9 chronique de cette r\u00e9gion, largement aliment\u00e9e par des int\u00e9r\u00eats g\u00e9opolitiques et \u00e9conomiques li\u00e9s aux richesses naturelles. L\u2019implication pr\u00e9sum\u00e9e du Rwanda, d\u00e9nonc\u00e9e par Kinshasa, ne fait qu\u2019envenimer les tensions diplomatiques entre les deux pays, rendant toute perspective de paix encore plus incertaine.<\/p>\n\n\n\n<p><strong>Mamadouba CAMARA<\/strong><\/p>\n","protected":false},"excerpt":{"rendered":"<p>Mercredi 23 octobre, les rebelles du M23, soutenus par le Rwanda, ont une nouvelle fois pris le contr\u00f4le de la ville strat\u00e9gique de Kalembe, dans la province du Nord-Kivu, en R\u00e9publique d\u00e9mocratique du Congo (RDC). Ce coup de force survient apr\u00e8s une premi\u00e8re prise de la ville le dimanche pr\u00e9c\u00e9dent, repouss\u00e9e rapidement par les milices [&hellip;]<\/p>\n","protected":false},"author":123458,"featured_media":6948,"comment_status":"open","ping_status":"open","sticky":false,"template":"","format":"standard","meta":{"_acf_changed":false,"footnotes":""},"categories":[11,29],"tags":[],"class_list":["post-6947","post","type-post","status-publish","format-standard","has-post-thumbnail","hentry","category-actualite","category-continentale"],"acf":[],"_links":{"self":[{"href":"https:\/\/lereveil224.info\/index.php\/wp-json\/wp\/v2\/posts\/6947","targetHints":{"allow":["GET"]}}],"collection":[{"href":"https:\/\/lereveil224.info\/index.php\/wp-json\/wp\/v2\/posts"}],"about":[{"href":"https:\/\/lereveil224.info\/index.php\/wp-json\/wp\/v2\/types\/post"}],"author":[{"embeddable":true,"href":"https:\/\/lereveil224.info\/index.php\/wp-json\/wp\/v2\/users\/123458"}],"replies":[{"embeddable":true,"href":"https:\/\/lereveil224.info\/index.php\/wp-json\/wp\/v2\/comments?post=6947"}],"version-history":[{"count":1,"href":"https:\/\/lereveil224.info\/index.php\/wp-json\/wp\/v2\/posts\/6947\/revisions"}],"predecessor-version":[{"id":6949,"href":"https:\/\/lereveil224.info\/index.php\/wp-json\/wp\/v2\/posts\/6947\/revisions\/6949"}],"wp:featuredmedia":[{"embeddable":true,"href":"https:\/\/lereveil224.info\/index.php\/wp-json\/wp\/v2\/media\/6948"}],"wp:attachment":[{"href":"https:\/\/lereveil224.info\/index.php\/wp-json\/wp\/v2\/media?parent=6947"}],"wp:term":[{"taxonomy":"category","embeddable":true,"href":"https:\/\/lereveil224.info\/index.php\/wp-json\/wp\/v2\/categories?post=6947"},{"taxonomy":"post_tag","embeddable":true,"href":"https:\/\/lereveil224.info\/index.php\/wp-json\/wp\/v2\/tags?post=6947"}],"curies":[{"name":"wp","href":"https:\/\/api.w.org\/{rel}","templated":true}]}}