{"id":6944,"date":"2024-10-24T11:20:28","date_gmt":"2024-10-24T11:20:28","guid":{"rendered":"https:\/\/lereveil224.info\/?p=6944"},"modified":"2024-10-24T11:20:29","modified_gmt":"2024-10-24T11:20:29","slug":"solidarite-senegalaise-face-a-la-terreur-dioumaye-faye-condamne-fermement-lattaque-en-turquie","status":"publish","type":"post","link":"https:\/\/lereveil224.info\/index.php\/2024\/10\/24\/solidarite-senegalaise-face-a-la-terreur-dioumaye-faye-condamne-fermement-lattaque-en-turquie\/","title":{"rendered":"Solidarit\u00e9 S\u00e9n\u00e9galaise Face \u00e0 la Terreur : Dioumaye Faye Condamne Fermement l\u2019Attaque en Turquie"},"content":{"rendered":"\n<p>Dans un \u00e9lan de compassion et de solidarit\u00e9 internationale, le pr\u00e9sident s\u00e9n\u00e9galais Dioumaye Faye a fermement condamn\u00e9 l\u2019attaque terroriste qui a r\u00e9cemment frapp\u00e9 la Turquie. Dans un message empreint d\u2019\u00e9motion publi\u00e9 sur son compte personnel, il a qualifi\u00e9 cet acte de \u00ab\u00a0l\u00e2che et barbare\u00a0\u00bb, exprimant son soutien ind\u00e9fectible au peuple turc et \u00e0 son pr\u00e9sident, Recep Tayyip Erdogan.<\/p>\n\n\n\n<p>\u00ab C\u2019est un acte l\u00e2che et barbare \u00bb, a d\u00e9clar\u00e9 le pr\u00e9sident Faye, d\u00e9non\u00e7ant vigoureusement cette violence qui a endeuill\u00e9 la nation turque. Il a, au nom du peuple s\u00e9n\u00e9galais, exprim\u00e9 une compassion sinc\u00e8re \u00e0 l&rsquo;\u00e9gard des familles des victimes et adress\u00e9 un message de soutien au pr\u00e9sident Erdogan, r\u00e9affirmant ainsi les liens d\u2019amiti\u00e9 solides qui unissent les deux nations.<\/p>\n\n\n\n<p>\u00ab Paix \u00e0 l\u2019\u00e2me des disparus et prompt r\u00e9tablissement aux bless\u00e9s \u00bb, a ajout\u00e9 Faye, dans une pri\u00e8re \u00e9mouvante pour les personnes affect\u00e9es par cette trag\u00e9die.<\/p>\n\n\n\n<p>Cette d\u00e9claration met en lumi\u00e8re l\u2019importance de la solidarit\u00e9 entre les nations dans la lutte contre le terrorisme, un fl\u00e9au qui continue de semer la douleur et la destruction \u00e0 travers le monde. Par cet appel \u00e0 la paix et \u00e0 la justice, le S\u00e9n\u00e9gal montre son engagement aux c\u00f4t\u00e9s de la Turquie dans la d\u00e9fense des valeurs de s\u00e9curit\u00e9 et de respect de la vie humaine.<\/p>\n\n\n\n<p><strong>Mamadouba CAMARA<\/strong><\/p>\n","protected":false},"excerpt":{"rendered":"<p>Dans un \u00e9lan de compassion et de solidarit\u00e9 internationale, le pr\u00e9sident s\u00e9n\u00e9galais Dioumaye Faye a fermement condamn\u00e9 l\u2019attaque terroriste qui a r\u00e9cemment frapp\u00e9 la Turquie. Dans un message empreint d\u2019\u00e9motion publi\u00e9 sur son compte personnel, il a qualifi\u00e9 cet acte de \u00ab\u00a0l\u00e2che et barbare\u00a0\u00bb, exprimant son soutien ind\u00e9fectible au peuple turc et \u00e0 son pr\u00e9sident, [&hellip;]<\/p>\n","protected":false},"author":123458,"featured_media":6945,"comment_status":"open","ping_status":"open","sticky":false,"template":"","format":"standard","meta":{"_acf_changed":false,"footnotes":""},"categories":[11],"tags":[],"class_list":["post-6944","post","type-post","status-publish","format-standard","has-post-thumbnail","hentry","category-actualite"],"acf":[],"_links":{"self":[{"href":"https:\/\/lereveil224.info\/index.php\/wp-json\/wp\/v2\/posts\/6944","targetHints":{"allow":["GET"]}}],"collection":[{"href":"https:\/\/lereveil224.info\/index.php\/wp-json\/wp\/v2\/posts"}],"about":[{"href":"https:\/\/lereveil224.info\/index.php\/wp-json\/wp\/v2\/types\/post"}],"author":[{"embeddable":true,"href":"https:\/\/lereveil224.info\/index.php\/wp-json\/wp\/v2\/users\/123458"}],"replies":[{"embeddable":true,"href":"https:\/\/lereveil224.info\/index.php\/wp-json\/wp\/v2\/comments?post=6944"}],"version-history":[{"count":1,"href":"https:\/\/lereveil224.info\/index.php\/wp-json\/wp\/v2\/posts\/6944\/revisions"}],"predecessor-version":[{"id":6946,"href":"https:\/\/lereveil224.info\/index.php\/wp-json\/wp\/v2\/posts\/6944\/revisions\/6946"}],"wp:featuredmedia":[{"embeddable":true,"href":"https:\/\/lereveil224.info\/index.php\/wp-json\/wp\/v2\/media\/6945"}],"wp:attachment":[{"href":"https:\/\/lereveil224.info\/index.php\/wp-json\/wp\/v2\/media?parent=6944"}],"wp:term":[{"taxonomy":"category","embeddable":true,"href":"https:\/\/lereveil224.info\/index.php\/wp-json\/wp\/v2\/categories?post=6944"},{"taxonomy":"post_tag","embeddable":true,"href":"https:\/\/lereveil224.info\/index.php\/wp-json\/wp\/v2\/tags?post=6944"}],"curies":[{"name":"wp","href":"https:\/\/api.w.org\/{rel}","templated":true}]}}