{"id":6910,"date":"2024-10-16T16:02:13","date_gmt":"2024-10-16T16:02:13","guid":{"rendered":"https:\/\/lereveil224.info\/?p=6910"},"modified":"2024-10-16T16:02:14","modified_gmt":"2024-10-16T16:02:14","slug":"macky-sall-contre-attaque-il-rejette-les-accusations-de-falsification-des-finances-publiques","status":"publish","type":"post","link":"https:\/\/lereveil224.info\/index.php\/2024\/10\/16\/macky-sall-contre-attaque-il-rejette-les-accusations-de-falsification-des-finances-publiques\/","title":{"rendered":"Macky Sall contre-attaque : il rejette les accusations de falsification des finances publiques"},"content":{"rendered":"\n<p>Accus\u00e9 d\u2019avoir truqu\u00e9 les chiffres des finances publiques par le gouvernement actuel, l\u2019ancien pr\u00e9sident s\u00e9n\u00e9galais Macky Sall est sorti de son silence pour r\u00e9futer ces all\u00e9gations. Dans une interview accord\u00e9e \u00e0 Bloomberg, en marge d\u2019un forum \u00e0 Londres, il a fermement rejet\u00e9 les propos du Premier ministre Ousmane Sonko, qui l\u2019accuse de falsification des donn\u00e9es \u00e9conomiques du S\u00e9n\u00e9gal.<\/p>\n\n\n\n<p>Le 26 septembre dernier, Ousmane Sonko avait accus\u00e9 Macky Sall et ses anciens collaborateurs d\u2019avoir fourni des chiffres inexacts sur la dette publique et le d\u00e9ficit budg\u00e9taire. Selon lui, le gouvernement pr\u00e9c\u00e9dent aurait sciemment menti au peuple s\u00e9n\u00e9galais et \u00e0 ses partenaires internationaux, plongeant le pays dans une situation \u00e9conomique difficile. \u00ab Les autorit\u00e9s que nous avons remplac\u00e9es ont menti au pays et aux partenaires \u00bb, avait-il affirm\u00e9 lors d&rsquo;une conf\u00e9rence de presse.<\/p>\n\n\n\n<p>Ces d\u00e9clarations n\u2019ont pas tard\u00e9 \u00e0 provoquer une r\u00e9ponse de Macky Sall, qui est \u00e9galement t\u00eate de liste d\u2019une coalition de l\u2019opposition pour les \u00e9lections l\u00e9gislatives pr\u00e9vues en novembre prochain. \u00ab J\u2019ai laiss\u00e9 un pays avec des indicateurs \u00e9conomiques positifs \u00bb, a-t-il r\u00e9pliqu\u00e9, d\u00e9non\u00e7ant une tentative de manipulation politique de la part du gouvernement actuel.<\/p>\n\n\n\n<p>L\u2019ancien pr\u00e9sident a \u00e9galement tenu \u00e0 pr\u00e9ciser que la r\u00e9cente d\u00e9gradation de la note de cr\u00e9dit du S\u00e9n\u00e9gal par l\u2019agence Moody\u2019s, le 4 octobre dernier, ne pouvait en aucun cas \u00eatre imput\u00e9e \u00e0 son administration. Selon lui, cette baisse, qui s\u2019explique par une hausse du d\u00e9ficit budg\u00e9taire et de l\u2019endettement entre 2019 et 2023, est directement li\u00e9e aux d\u00e9clarations alarmistes du Premier ministre. Macky Sall accuse ainsi Sonko d\u2019avoir contribu\u00e9 \u00e0 ternir l\u2019image \u00e9conomique du S\u00e9n\u00e9gal \u00e0 l\u2019international.<\/p>\n\n\n\n<p>Cette confrontation entre les deux figures politiques ravive les tensions \u00e0 quelques semaines des \u00e9lections l\u00e9gislatives, o\u00f9 la gestion de l\u2019\u00e9conomie risque d\u2019\u00eatre un enjeu central. Les accusations de manipulation des comptes publics risquent de fragiliser davantage la confiance des citoyens, tandis que Macky Sall tente de se poser en d\u00e9fenseur d\u2019un bilan \u00e9conomique qu\u2019il juge positif.<\/p>\n\n\n\n<p>Alors que le d\u00e9bat sur la transparence et la gestion des finances publiques prend de l&rsquo;ampleur, les \u00e9lecteurs s\u00e9n\u00e9galais seront appel\u00e9s \u00e0 juger non seulement la gestion pass\u00e9e, mais aussi les perspectives offertes par les candidats en lice pour relancer l\u2019\u00e9conomie du pays.<\/p>\n\n\n\n<p><strong>Mamadouba CAMARA<\/strong><\/p>\n","protected":false},"excerpt":{"rendered":"<p>Accus\u00e9 d\u2019avoir truqu\u00e9 les chiffres des finances publiques par le gouvernement actuel, l\u2019ancien pr\u00e9sident s\u00e9n\u00e9galais Macky Sall est sorti de son silence pour r\u00e9futer ces all\u00e9gations. Dans une interview accord\u00e9e \u00e0 Bloomberg, en marge d\u2019un forum \u00e0 Londres, il a fermement rejet\u00e9 les propos du Premier ministre Ousmane Sonko, qui l\u2019accuse de falsification des donn\u00e9es [&hellip;]<\/p>\n","protected":false},"author":123458,"featured_media":6911,"comment_status":"open","ping_status":"open","sticky":true,"template":"","format":"standard","meta":{"_acf_changed":false,"footnotes":""},"categories":[11,2],"tags":[],"class_list":["post-6910","post","type-post","status-publish","format-standard","has-post-thumbnail","hentry","category-actualite","category-politique"],"acf":[],"_links":{"self":[{"href":"https:\/\/lereveil224.info\/index.php\/wp-json\/wp\/v2\/posts\/6910","targetHints":{"allow":["GET"]}}],"collection":[{"href":"https:\/\/lereveil224.info\/index.php\/wp-json\/wp\/v2\/posts"}],"about":[{"href":"https:\/\/lereveil224.info\/index.php\/wp-json\/wp\/v2\/types\/post"}],"author":[{"embeddable":true,"href":"https:\/\/lereveil224.info\/index.php\/wp-json\/wp\/v2\/users\/123458"}],"replies":[{"embeddable":true,"href":"https:\/\/lereveil224.info\/index.php\/wp-json\/wp\/v2\/comments?post=6910"}],"version-history":[{"count":1,"href":"https:\/\/lereveil224.info\/index.php\/wp-json\/wp\/v2\/posts\/6910\/revisions"}],"predecessor-version":[{"id":6912,"href":"https:\/\/lereveil224.info\/index.php\/wp-json\/wp\/v2\/posts\/6910\/revisions\/6912"}],"wp:featuredmedia":[{"embeddable":true,"href":"https:\/\/lereveil224.info\/index.php\/wp-json\/wp\/v2\/media\/6911"}],"wp:attachment":[{"href":"https:\/\/lereveil224.info\/index.php\/wp-json\/wp\/v2\/media?parent=6910"}],"wp:term":[{"taxonomy":"category","embeddable":true,"href":"https:\/\/lereveil224.info\/index.php\/wp-json\/wp\/v2\/categories?post=6910"},{"taxonomy":"post_tag","embeddable":true,"href":"https:\/\/lereveil224.info\/index.php\/wp-json\/wp\/v2\/tags?post=6910"}],"curies":[{"name":"wp","href":"https:\/\/api.w.org\/{rel}","templated":true}]}}