{"id":6876,"date":"2024-10-12T12:09:00","date_gmt":"2024-10-12T12:09:00","guid":{"rendered":"https:\/\/lereveil224.info\/?p=6876"},"modified":"2024-10-12T12:11:48","modified_gmt":"2024-10-12T12:11:48","slug":"nzerekore-le-ministre-felix-lamah-attendu-pour-la-celebration-de-la-journee-internationale-de-la-femme-rurale","status":"publish","type":"post","link":"https:\/\/lereveil224.info\/index.php\/2024\/10\/12\/nzerekore-le-ministre-felix-lamah-attendu-pour-la-celebration-de-la-journee-internationale-de-la-femme-rurale\/","title":{"rendered":"N\u2019Z\u00e9r\u00e9kor\u00e9: Le Ministre F\u00e9lix LAMAH, attendu, pour la c\u00e9l\u00e9bration de la journ\u00e9e internationale de la femme rurale"},"content":{"rendered":"\n<p>Ce vendredi 11 octobre 2024, au quartier Kpama 2, dans la commune urbaine de N&rsquo;Z\u00e9r\u00e9kor\u00e9, une importante mission du minist\u00e8re de l&rsquo;agriculture et de l&rsquo;\u00e9levage conduite par Monsieur Aboubacar Demba Samoura, directeur national de l&rsquo;agriculture, a \u00e9t\u00e9 re\u00e7ue par la commission d&rsquo;organisation des pr\u00e9paratifs de la \u00ab\u00a0journ\u00e9e internationale de la femme rurale\u00a0\u00bb.<\/p>\n\n\n\n<figure class=\"wp-block-image size-large\"><img fetchpriority=\"high\" decoding=\"async\" width=\"1024\" height=\"768\" src=\"https:\/\/lereveil224.info\/wp-content\/uploads\/2024\/10\/IMG-20241012-WA0001-1024x768.jpg\" alt=\"\" class=\"wp-image-6878\" srcset=\"https:\/\/lereveil224.info\/wp-content\/uploads\/2024\/10\/IMG-20241012-WA0001-1024x768.jpg 1024w, https:\/\/lereveil224.info\/wp-content\/uploads\/2024\/10\/IMG-20241012-WA0001-300x225.jpg 300w, https:\/\/lereveil224.info\/wp-content\/uploads\/2024\/10\/IMG-20241012-WA0001-768x576.jpg 768w, https:\/\/lereveil224.info\/wp-content\/uploads\/2024\/10\/IMG-20241012-WA0001-86x64.jpg 86w, https:\/\/lereveil224.info\/wp-content\/uploads\/2024\/10\/IMG-20241012-WA0001.jpg 1080w\" sizes=\"(max-width: 1024px) 100vw, 1024px\" \/><\/figure>\n\n\n\n<p>Prenant la parole devant une forte pr\u00e9sence des femmes et des jeunes de toutes les composantes sociales de N&rsquo;Z\u00e9r\u00e9kor\u00e9, Dr Antoine Monemou, s&rsquo;est exprim\u00e9 en ces termes \u00ab nous sommes tr\u00e8s r\u00e9confort\u00e9 de votre pr\u00e9sence \u00e0 zaly, la cit\u00e9 d&rsquo;hospitalit\u00e9 et de paix \u00e0 l&rsquo;occasion des pr\u00e9paratifs de l&rsquo;arriv\u00e9e de notre fils et fr\u00e8re Ministre de l&rsquo;agriculture Monsieur F\u00e9lix Lamah, pour la journ\u00e9e c\u00e9l\u00e9bration avec ces Mamans la journ\u00e9e internationale de la femme rurale. C&rsquo;est pourquoi au nom des femmes de la N&rsquo;Z\u00e9r\u00e9kor\u00e9, nous vous souhaitons la bienvenue et un agr\u00e9able s\u00e9jour de travail dans la cit\u00e9. Et nous profitons de cette occasion pour vous r\u00e9it\u00e9rer de notre engagement et disponibilit\u00e9 pour la r\u00e9ussite de l&rsquo;ensemble des activit\u00e9s\u00bb dira Dr Antoine, avant la remise des 10 noix de cola comme le recommande la tradition foresti\u00e8re.<\/p>\n\n\n\n<p>Monsieur Monsieur P\u00e9p\u00e9 2 Haba, inspecteur r\u00e9gional du commerce des petites et moyennes entreprises est revenu sur les diff\u00e9rentes disposition prises sur le plan organisationnel afin de conf\u00e9rer \u00e0 l&rsquo;\u00e9v\u00e9nement son caract\u00e8re particulier.<\/p>\n\n\n\n<figure class=\"wp-block-image size-large\"><img decoding=\"async\" width=\"1024\" height=\"768\" src=\"https:\/\/lereveil224.info\/wp-content\/uploads\/2024\/10\/IMG-20241012-WA0002-1024x768.jpg\" alt=\"\" class=\"wp-image-6877\" srcset=\"https:\/\/lereveil224.info\/wp-content\/uploads\/2024\/10\/IMG-20241012-WA0002-1024x768.jpg 1024w, https:\/\/lereveil224.info\/wp-content\/uploads\/2024\/10\/IMG-20241012-WA0002-300x225.jpg 300w, https:\/\/lereveil224.info\/wp-content\/uploads\/2024\/10\/IMG-20241012-WA0002-768x576.jpg 768w, https:\/\/lereveil224.info\/wp-content\/uploads\/2024\/10\/IMG-20241012-WA0002-86x64.jpg 86w, https:\/\/lereveil224.info\/wp-content\/uploads\/2024\/10\/IMG-20241012-WA0002.jpg 1080w\" sizes=\"(max-width: 1024px) 100vw, 1024px\" \/><\/figure>\n\n\n\n<figure class=\"wp-block-image size-large\"><img decoding=\"async\" width=\"1024\" height=\"768\" src=\"https:\/\/lereveil224.info\/wp-content\/uploads\/2024\/10\/IMG-20241012-WA0002-1024x768.jpg\" alt=\"\" class=\"wp-image-6877\" srcset=\"https:\/\/lereveil224.info\/wp-content\/uploads\/2024\/10\/IMG-20241012-WA0002-1024x768.jpg 1024w, https:\/\/lereveil224.info\/wp-content\/uploads\/2024\/10\/IMG-20241012-WA0002-300x225.jpg 300w, https:\/\/lereveil224.info\/wp-content\/uploads\/2024\/10\/IMG-20241012-WA0002-768x576.jpg 768w, https:\/\/lereveil224.info\/wp-content\/uploads\/2024\/10\/IMG-20241012-WA0002-86x64.jpg 86w, https:\/\/lereveil224.info\/wp-content\/uploads\/2024\/10\/IMG-20241012-WA0002.jpg 1080w\" sizes=\"(max-width: 1024px) 100vw, 1024px\" \/><\/figure>\n\n\n\n<p>Au nom de la d\u00e9l\u00e9gation Monsieur Mohamed Lamine Diaby, directeur national des pistes rurales pr\u00e9cise&lt; nous sommes venus \u00e0 N&rsquo;Z\u00e9r\u00e9kor\u00e9, dans le cadre des pr\u00e9paratifs de la journ\u00e9e internationale de la femme rurale pr\u00e9vue le 15 octobre et la journ\u00e9e mondiale de l&rsquo;alimentation le 16 octobre \u00e0 N&rsquo;Z\u00e9r\u00e9kor\u00e9. Vu l&rsquo;importance que Monsieur le Ministre \u00e0 travers la volont\u00e9 du chef de l&rsquo;\u00e9tat son Excellence Monsieur le Pr\u00e9sident de la R\u00e9publique le g\u00e9n\u00e9ral de corps d&rsquo;arm\u00e9e Mamadi DOUMBOUYA, accorde \u00e0 la femme, ces journ\u00e9es auront tout le regard du gouvernement. C&rsquo;est pourquoi fid\u00e8les \u00e0 sa vocation, Monsieur F\u00e9lix Lamah, est plus que jamais d\u00e9termin\u00e9 \u00e0 faire ralier les femmes rurales des \u00eeles de Kassa, en passant par les pr\u00e9fectures de la Base Guin\u00e9e, la moyenne Guin\u00e9e, la Haute Guin\u00e9e via la grande for\u00eat, \u00e0 N&rsquo;Z\u00e9r\u00e9kor\u00e9 le 15 octobre 2024, pour c\u00e9l\u00e9brer la journ\u00e9e internationale de la femme rurale \u00e0 N&rsquo;Z\u00e9r\u00e9kor\u00e9. Zone par excellence de l&rsquo;engagement et de la bravoure de la femme guinnenne dans sa diversit\u00e9. Nous sommes d\u00e9j\u00e0 tr\u00e8s satisfait de toutes les dispositions prises par les diff\u00e9rentes commissions pour la r\u00e9ussite de la f\u00eate&gt;<\/p>\n\n\n\n<p>&lt; Par la m\u00eame occasion, je tiens \u00e0 vous pr\u00e9ciser que monsieur le ministre proc\u00e9dera au lancement du reprofilage de 80 km de pistes rurales dans les diff\u00e9rentes pr\u00e9fectures de la r\u00e9gion de N&rsquo;Z\u00e9r\u00e9kor\u00e9. Cette action permettre \u00e0 nos braves productrices et producteurs de pouvoir drener leur production dans de bonne conditions. Car l&rsquo;agriculture et le moteur de tout d\u00e9veloppement. C&rsquo;est pourquoi le gouvernement met un accent particulier sur ce secteur porteur de croissance \u00e9conomique. C&rsquo;est d&rsquo;ailleurs l&rsquo;occasion pour moi de vous informer \u00e9galement que le 16 octobre monsieur le ministre c\u00e9l\u00e9brera avec vous la journ\u00e9e mondiale de l&rsquo;alimentation. Histoire de vous dire que la dynamique de l&rsquo;autosuffisance alimentaire est belle et bien une r\u00e9alit\u00e9&gt; conclura Monsieur Mohamed Lamine Diaby.<\/p>\n\n\n\n<p>Pour Madame Marie No\u00ebl Balamou, repr\u00e9sentante des femmes<\/p>\n\n\n\n<p>A noter qu&rsquo;\u00e0 pr\u00e8s la pr\u00e9sentation de l&rsquo;\u00e9tat d&rsquo;ex\u00e9cution des diff\u00e9rentes activit\u00e9s par les commissions d&rsquo;organisations l&rsquo;assembl\u00e9e a \u00e9t\u00e9 inform\u00e9 que l&rsquo;arriv\u00e9e de Monsieur le Ministre de l&rsquo;agriculture et de l&rsquo;\u00e9levage F\u00e9lix Lamah, \u00e0 N&rsquo;Z\u00e9r\u00e9kor\u00e9, est pr\u00e9vue pour ce lundi 12 octobre 2024 \u00e0 10h. Et une grande r\u00e9ception lui sera r\u00e9serv\u00e9e \u00e0 l&rsquo;arc du triomphe de la capitale de la Guin\u00e9e Foresti\u00e8re.<\/p>\n\n\n\n<p><strong>Thierno Amadou DIALLO<\/strong><\/p>\n","protected":false},"excerpt":{"rendered":"<p>Ce vendredi 11 octobre 2024, au quartier Kpama 2, dans la commune urbaine de N&rsquo;Z\u00e9r\u00e9kor\u00e9, une importante mission du minist\u00e8re de l&rsquo;agriculture et de l&rsquo;\u00e9levage conduite par Monsieur Aboubacar Demba Samoura, directeur national de l&rsquo;agriculture, a \u00e9t\u00e9 re\u00e7ue par la commission d&rsquo;organisation des pr\u00e9paratifs de la \u00ab\u00a0journ\u00e9e internationale de la femme rurale\u00a0\u00bb. Prenant la parole [&hellip;]<\/p>\n","protected":false},"author":123458,"featured_media":6879,"comment_status":"open","ping_status":"open","sticky":false,"template":"","format":"standard","meta":{"_acf_changed":false,"footnotes":""},"categories":[11,18],"tags":[],"class_list":["post-6876","post","type-post","status-publish","format-standard","has-post-thumbnail","hentry","category-actualite","category-region"],"acf":[],"_links":{"self":[{"href":"https:\/\/lereveil224.info\/index.php\/wp-json\/wp\/v2\/posts\/6876","targetHints":{"allow":["GET"]}}],"collection":[{"href":"https:\/\/lereveil224.info\/index.php\/wp-json\/wp\/v2\/posts"}],"about":[{"href":"https:\/\/lereveil224.info\/index.php\/wp-json\/wp\/v2\/types\/post"}],"author":[{"embeddable":true,"href":"https:\/\/lereveil224.info\/index.php\/wp-json\/wp\/v2\/users\/123458"}],"replies":[{"embeddable":true,"href":"https:\/\/lereveil224.info\/index.php\/wp-json\/wp\/v2\/comments?post=6876"}],"version-history":[{"count":2,"href":"https:\/\/lereveil224.info\/index.php\/wp-json\/wp\/v2\/posts\/6876\/revisions"}],"predecessor-version":[{"id":6882,"href":"https:\/\/lereveil224.info\/index.php\/wp-json\/wp\/v2\/posts\/6876\/revisions\/6882"}],"wp:featuredmedia":[{"embeddable":true,"href":"https:\/\/lereveil224.info\/index.php\/wp-json\/wp\/v2\/media\/6879"}],"wp:attachment":[{"href":"https:\/\/lereveil224.info\/index.php\/wp-json\/wp\/v2\/media?parent=6876"}],"wp:term":[{"taxonomy":"category","embeddable":true,"href":"https:\/\/lereveil224.info\/index.php\/wp-json\/wp\/v2\/categories?post=6876"},{"taxonomy":"post_tag","embeddable":true,"href":"https:\/\/lereveil224.info\/index.php\/wp-json\/wp\/v2\/tags?post=6876"}],"curies":[{"name":"wp","href":"https:\/\/api.w.org\/{rel}","templated":true}]}}