{"id":6870,"date":"2024-10-11T22:30:51","date_gmt":"2024-10-11T22:30:51","guid":{"rendered":"https:\/\/lereveil224.info\/?p=6870"},"modified":"2024-10-11T22:30:52","modified_gmt":"2024-10-11T22:30:52","slug":"cote-divoire-et-ghana-un-partenariat-renforce-pour-une-cooperation-strategique","status":"publish","type":"post","link":"https:\/\/lereveil224.info\/index.php\/2024\/10\/11\/cote-divoire-et-ghana-un-partenariat-renforce-pour-une-cooperation-strategique\/","title":{"rendered":"C\u00f4te d&rsquo;Ivoire et Ghana : Un Partenariat Renforc\u00e9 pour une Coop\u00e9ration Strat\u00e9gique"},"content":{"rendered":"\n<p>Le 11 octobre 2024 marquera une \u00e9tape cruciale dans les relations entre la C\u00f4te d&rsquo;Ivoire et le Ghana, avec la tenue du tout premier sommet des chefs d\u2019\u00c9tat dans le cadre de l\u2019Accord de partenariat strat\u00e9gique, \u00e0 Abidjan. Alassane Ouattara, pr\u00e9sident de la C\u00f4te d&rsquo;Ivoire, et son homologue ghan\u00e9en, Nana Akufo-Addo, se sont r\u00e9unis pour poser les bases d&rsquo;une coop\u00e9ration renforc\u00e9e, tant sur le plan militaire qu\u2019agricole, avec une attention particuli\u00e8re pour la fili\u00e8re cacao, pilier \u00e9conomique de leurs deux nations.<\/p>\n\n\n\n<p><strong>Un partenariat agricole ambitieux : vers un cacao transform\u00e9 \u00e0 80%<\/strong><\/p>\n\n\n\n<p>Lors de cette rencontre historique, les deux dirigeants ont convenu de mutualiser leurs efforts pour contrer la contrebande dans le secteur du cacao, mais \u00e9galement pour pousser plus loin la transformation locale de cette ressource cl\u00e9. Actuellement, la C\u00f4te d&rsquo;Ivoire et le Ghana, les deux plus grands producteurs mondiaux de cacao, ambitionnent de porter leur taux de transformation \u00e0 50 % dans un premier temps, avec l\u2019objectif d\u2019atteindre 80 % d\u2019ici 2030. Cette initiative s\u2019inscrit dans une volont\u00e9 commune de s\u2019affranchir de la d\u00e9pendance aux march\u00e9s internationaux et de renforcer la valeur ajout\u00e9e locale.<\/p>\n\n\n\n<p>Alassane Ouattara, d\u00e9termin\u00e9 \u00e0 acc\u00e9l\u00e9rer cette transition, a d\u00e9clar\u00e9 : \u00ab Nous devons aller encore plus vite dans cette transformation afin de garantir une plus grande prosp\u00e9rit\u00e9 pour nos producteurs et nos \u00e9conomies. \u00bb Ce projet s\u2019accompagne de r\u00e9formes pour encourager une agriculture durable et une production de qualit\u00e9 sup\u00e9rieure, avec un contr\u00f4le accru des pratiques commerciales.<\/p>\n\n\n\n<p><strong>Coop\u00e9ration militaire renforc\u00e9e : la s\u00e9curit\u00e9 comme priorit\u00e9<\/strong><\/p>\n\n\n\n<p>Le sommet n\u2019a pas seulement \u00e9t\u00e9 une plateforme de discussions \u00e9conomiques. Sur le plan s\u00e9curitaire, les deux \u00c9tats ont exprim\u00e9 leur volont\u00e9 d\u2019approfondir leur collaboration. Des exercices conjoints entre les forces de d\u00e9fense et de s\u00e9curit\u00e9 des deux pays seront mis en place, accompagn\u00e9s d\u2019\u00e9changes r\u00e9guliers de renseignements. Ces mesures visent \u00e0 r\u00e9pondre aux d\u00e9fis s\u00e9curitaires communs dans la sous-r\u00e9gion, notamment face \u00e0 la menace croissante des groupes terroristes op\u00e9rant dans la r\u00e9gion du Sahel.<\/p>\n\n\n\n<p>Nana Akufo-Addo a soulign\u00e9 l\u2019importance de cette coop\u00e9ration en d\u00e9clarant : \u00ab Ce sommet a mis l\u2019accent sur le renforcement de notre coop\u00e9ration militaire. Nous devons \u00eatre unis dans nos efforts pour assurer la s\u00e9curit\u00e9 de nos citoyens et de nos fronti\u00e8res. \u00bb<\/p>\n\n\n\n<p><strong>Vers la relance de l&rsquo;\u00e9co : une ambition sous-r\u00e9gionale<\/strong><\/p>\n\n\n\n<p>Au-del\u00e0 des questions bilat\u00e9rales, les deux chefs d\u2019\u00c9tat ont exprim\u00e9 leur engagement en faveur de la relance du projet de l\u2019\u00e9co, la monnaie commune ouest-africaine, ralentie ces derni\u00e8res ann\u00e9es par la crise sanitaire et les difficult\u00e9s \u00e9conomiques mondiales. Alassane Ouattara s&rsquo;est montr\u00e9 confiant quant \u00e0 une mise en \u0153uvre possible d&rsquo;ici 2026, gr\u00e2ce notamment aux r\u00e9formes fiscales en cours et au soutien du FMI. \u00ab Nous travaillons pour que les crit\u00e8res de convergence soient remplis d\u2019ici l&rsquo;ann\u00e9e prochaine, ou au plus tard en 2026 \u00bb, a affirm\u00e9 le pr\u00e9sident ivoirien, ajoutant que la r\u00e9cente validation par le FMI d&rsquo;une aide de 825 millions de dollars \u00e0 la C\u00f4te d&rsquo;Ivoire t\u00e9moigne de la bonne sant\u00e9 \u00e9conomique du pays.<\/p>\n\n\n\n<p><strong>Un sommet porteur d\u2019avenir pour l\u2019Afrique de l\u2019Ouest<\/strong><\/p>\n\n\n\n<p>Le premier sommet des chefs d&rsquo;\u00c9tat de l\u2019Accord de partenariat strat\u00e9gique C\u00f4te d\u2019Ivoire-Ghana a pos\u00e9 les jalons d\u2019une coop\u00e9ration renforc\u00e9e et d&rsquo;une vision commune pour le d\u00e9veloppement de leurs \u00e9conomies respectives. Que ce soit sur les plans agricole, s\u00e9curitaire ou mon\u00e9taire, les d\u00e9cisions prises \u00e0 Abidjan annoncent une dynamique nouvelle pour les deux nations. Ce partenariat strat\u00e9gique ouvre la voie \u00e0 une Afrique de l\u2019Ouest plus int\u00e9gr\u00e9e, plus s\u00fbre et plus prosp\u00e8re.<\/p>\n\n\n\n<p><strong>Mamadouba CAMARA<\/strong><\/p>\n","protected":false},"excerpt":{"rendered":"<p>Le 11 octobre 2024 marquera une \u00e9tape cruciale dans les relations entre la C\u00f4te d&rsquo;Ivoire et le Ghana, avec la tenue du tout premier sommet des chefs d\u2019\u00c9tat dans le cadre de l\u2019Accord de partenariat strat\u00e9gique, \u00e0 Abidjan. Alassane Ouattara, pr\u00e9sident de la C\u00f4te d&rsquo;Ivoire, et son homologue ghan\u00e9en, Nana Akufo-Addo, se sont r\u00e9unis pour [&hellip;]<\/p>\n","protected":false},"author":123458,"featured_media":6871,"comment_status":"open","ping_status":"open","sticky":false,"template":"","format":"standard","meta":{"_acf_changed":false,"footnotes":""},"categories":[11,29],"tags":[],"class_list":["post-6870","post","type-post","status-publish","format-standard","has-post-thumbnail","hentry","category-actualite","category-continentale"],"acf":[],"_links":{"self":[{"href":"https:\/\/lereveil224.info\/index.php\/wp-json\/wp\/v2\/posts\/6870","targetHints":{"allow":["GET"]}}],"collection":[{"href":"https:\/\/lereveil224.info\/index.php\/wp-json\/wp\/v2\/posts"}],"about":[{"href":"https:\/\/lereveil224.info\/index.php\/wp-json\/wp\/v2\/types\/post"}],"author":[{"embeddable":true,"href":"https:\/\/lereveil224.info\/index.php\/wp-json\/wp\/v2\/users\/123458"}],"replies":[{"embeddable":true,"href":"https:\/\/lereveil224.info\/index.php\/wp-json\/wp\/v2\/comments?post=6870"}],"version-history":[{"count":1,"href":"https:\/\/lereveil224.info\/index.php\/wp-json\/wp\/v2\/posts\/6870\/revisions"}],"predecessor-version":[{"id":6872,"href":"https:\/\/lereveil224.info\/index.php\/wp-json\/wp\/v2\/posts\/6870\/revisions\/6872"}],"wp:featuredmedia":[{"embeddable":true,"href":"https:\/\/lereveil224.info\/index.php\/wp-json\/wp\/v2\/media\/6871"}],"wp:attachment":[{"href":"https:\/\/lereveil224.info\/index.php\/wp-json\/wp\/v2\/media?parent=6870"}],"wp:term":[{"taxonomy":"category","embeddable":true,"href":"https:\/\/lereveil224.info\/index.php\/wp-json\/wp\/v2\/categories?post=6870"},{"taxonomy":"post_tag","embeddable":true,"href":"https:\/\/lereveil224.info\/index.php\/wp-json\/wp\/v2\/tags?post=6870"}],"curies":[{"name":"wp","href":"https:\/\/api.w.org\/{rel}","templated":true}]}}