{"id":6864,"date":"2024-10-11T08:44:30","date_gmt":"2024-10-11T08:44:30","guid":{"rendered":"https:\/\/lereveil224.info\/?p=6864"},"modified":"2024-10-11T08:44:31","modified_gmt":"2024-10-11T08:44:31","slug":"suspension-des-missions-des-ministres-a-letranger-une-mesure-de-bonne-gouvernance-pas-une-sanction","status":"publish","type":"post","link":"https:\/\/lereveil224.info\/index.php\/2024\/10\/11\/suspension-des-missions-des-ministres-a-letranger-une-mesure-de-bonne-gouvernance-pas-une-sanction\/","title":{"rendered":"Suspension des Missions des Ministres \u00e0 l\u2019\u00c9tranger : Une Mesure de Bonne Gouvernance, Pas une Sanction"},"content":{"rendered":"\n<p>Le Pr\u00e9sident de la R\u00e9publique, G\u00e9n\u00e9ral Mamadi DOUMBOUYA, a r\u00e9cemment pris une d\u00e9cision marquante : suspendre les missions des ministres guin\u00e9ens \u00e0 l\u2019\u00e9tranger. Si certains ont pu interpr\u00e9ter cette mesure comme une sanction disciplinaire, le Porte-parole du Gouvernement, Ousmane Gaoual DIALLO, a clarifi\u00e9 la situation, affirmant que cette d\u00e9cision s\u2019inscrit dans une d\u00e9marche de bonne gouvernance et non comme une punition pour les membres du gouvernement.<\/p>\n\n\n\n<p>Selon lui, cette suspension vise avant tout \u00e0 garantir un meilleur suivi des affaires nationales et \u00e0 optimiser l\u2019action publique. \u00ab Le chef de l\u2019\u00c9tat tient \u00e0 rappeler que les d\u00e9placements des ministres \u00e0 l\u2019\u00e9tranger doivent \u00eatre strictement n\u00e9cessaires et justifi\u00e9s par l\u2019imp\u00e9ratif de leurs fonctions \u00bb, a-t-il d\u00e9clar\u00e9, insistant sur le besoin d\u2019une gestion plus rigoureuse des ressources publiques.<\/p>\n\n\n\n<p>Cette directive s\u2019inscrit dans une volont\u00e9 plus large de rationalisation des d\u00e9penses de l&rsquo;\u00c9tat. Le Pr\u00e9sident DOUMBOUYA souhaite ainsi renforcer l&rsquo;efficacit\u00e9 gouvernementale en incitant les Ministres \u00e0 se concentrer davantage sur leurs missions prioritaires en Guin\u00e9e. Pour Ousmane Gaoual DIALLO, cette mesure renforce \u00e9galement la transparence et r\u00e9pond aux attentes des citoyens qui r\u00e9clament une gestion rigoureuse des affaires publiques.<\/p>\n\n\n\n<p>De plus, en l&rsquo;absence des Ministres, le gouvernement a pris les dispositions n\u00e9cessaires pour garantir la continuit\u00e9 de la repr\u00e9sentation diplomatique guin\u00e9enne \u00e0 l\u2019\u00e9tranger. \u00ab D\u2019autres cadres des d\u00e9partements ainsi que les repr\u00e9sentations diplomatiques sont pleinement habilit\u00e9s \u00e0 repr\u00e9senter la R\u00e9publique de Guin\u00e9e \u00e0 l\u2019\u00e9tranger \u00bb, a pr\u00e9cis\u00e9 le porte-parole.<\/p>\n\n\n\n<p>Cette d\u00e9cision t\u00e9moigne d\u2019une volont\u00e9 claire du Pr\u00e9sident DOUMBOUYA de recentrer l\u2019action de son gouvernement autour des priorit\u00e9s nationales et de veiller \u00e0 ce que l\u2019int\u00e9r\u00eat public soit toujours plac\u00e9 au c\u0153ur des d\u00e9cisions politiques. Une approche qui r\u00e9sonne avec la promesse de transparence et d\u2019efficacit\u00e9 formul\u00e9e par le chef de l\u2019\u00c9tat depuis sa prise de fonction.<\/p>\n\n\n\n<p>Nous suivrons de pr\u00e8s les \u00e9volutions \u00e0 venir concernant cette d\u00e9cision strat\u00e9gique.<\/p>\n\n\n\n<p><strong>Mamadouba CAMARA<\/strong><\/p>\n","protected":false},"excerpt":{"rendered":"<p>Le Pr\u00e9sident de la R\u00e9publique, G\u00e9n\u00e9ral Mamadi DOUMBOUYA, a r\u00e9cemment pris une d\u00e9cision marquante : suspendre les missions des ministres guin\u00e9ens \u00e0 l\u2019\u00e9tranger. Si certains ont pu interpr\u00e9ter cette mesure comme une sanction disciplinaire, le Porte-parole du Gouvernement, Ousmane Gaoual DIALLO, a clarifi\u00e9 la situation, affirmant que cette d\u00e9cision s\u2019inscrit dans une d\u00e9marche de bonne [&hellip;]<\/p>\n","protected":false},"author":123458,"featured_media":6865,"comment_status":"open","ping_status":"open","sticky":false,"template":"","format":"standard","meta":{"_acf_changed":false,"footnotes":""},"categories":[11,2],"tags":[],"class_list":["post-6864","post","type-post","status-publish","format-standard","has-post-thumbnail","hentry","category-actualite","category-politique"],"acf":[],"_links":{"self":[{"href":"https:\/\/lereveil224.info\/index.php\/wp-json\/wp\/v2\/posts\/6864","targetHints":{"allow":["GET"]}}],"collection":[{"href":"https:\/\/lereveil224.info\/index.php\/wp-json\/wp\/v2\/posts"}],"about":[{"href":"https:\/\/lereveil224.info\/index.php\/wp-json\/wp\/v2\/types\/post"}],"author":[{"embeddable":true,"href":"https:\/\/lereveil224.info\/index.php\/wp-json\/wp\/v2\/users\/123458"}],"replies":[{"embeddable":true,"href":"https:\/\/lereveil224.info\/index.php\/wp-json\/wp\/v2\/comments?post=6864"}],"version-history":[{"count":1,"href":"https:\/\/lereveil224.info\/index.php\/wp-json\/wp\/v2\/posts\/6864\/revisions"}],"predecessor-version":[{"id":6866,"href":"https:\/\/lereveil224.info\/index.php\/wp-json\/wp\/v2\/posts\/6864\/revisions\/6866"}],"wp:featuredmedia":[{"embeddable":true,"href":"https:\/\/lereveil224.info\/index.php\/wp-json\/wp\/v2\/media\/6865"}],"wp:attachment":[{"href":"https:\/\/lereveil224.info\/index.php\/wp-json\/wp\/v2\/media?parent=6864"}],"wp:term":[{"taxonomy":"category","embeddable":true,"href":"https:\/\/lereveil224.info\/index.php\/wp-json\/wp\/v2\/categories?post=6864"},{"taxonomy":"post_tag","embeddable":true,"href":"https:\/\/lereveil224.info\/index.php\/wp-json\/wp\/v2\/tags?post=6864"}],"curies":[{"name":"wp","href":"https:\/\/api.w.org\/{rel}","templated":true}]}}