{"id":6860,"date":"2024-10-11T07:32:36","date_gmt":"2024-10-11T07:32:36","guid":{"rendered":"https:\/\/lereveil224.info\/?p=6860"},"modified":"2024-10-11T07:32:37","modified_gmt":"2024-10-11T07:32:37","slug":"nzerekore-les-populations-de-la-guinee-forestiere-se-preparent-pour-accueillir-le-ministre-de-lagriculture-et-de-lelevage","status":"publish","type":"post","link":"https:\/\/lereveil224.info\/index.php\/2024\/10\/11\/nzerekore-les-populations-de-la-guinee-forestiere-se-preparent-pour-accueillir-le-ministre-de-lagriculture-et-de-lelevage\/","title":{"rendered":"N\u2019Z\u00e9r\u00e9kor\u00e9: Les populations de la guin\u00e9e Foresti\u00e8re se pr\u00e9parent pour accueillir le Ministre de l\u2019agriculture et de l&rsquo;\u00c9levage"},"content":{"rendered":"\n<p>Le quartier Kpama II de la commune urbaine de N\u2019Zerekore a servi de cadre \u00e0 cette importante r\u00e9union des Jeunes et des Femmes ce jeudi 10 octobre 2024.<\/p>\n\n\n\n<figure class=\"wp-block-image size-large\"><img fetchpriority=\"high\" decoding=\"async\" width=\"1024\" height=\"768\" src=\"https:\/\/lereveil224.info\/wp-content\/uploads\/2024\/10\/IMG-20241011-WA0001-1024x768.jpg\" alt=\"\" class=\"wp-image-6861\" srcset=\"https:\/\/lereveil224.info\/wp-content\/uploads\/2024\/10\/IMG-20241011-WA0001-1024x768.jpg 1024w, https:\/\/lereveil224.info\/wp-content\/uploads\/2024\/10\/IMG-20241011-WA0001-300x225.jpg 300w, https:\/\/lereveil224.info\/wp-content\/uploads\/2024\/10\/IMG-20241011-WA0001-768x576.jpg 768w, https:\/\/lereveil224.info\/wp-content\/uploads\/2024\/10\/IMG-20241011-WA0001-86x64.jpg 86w, https:\/\/lereveil224.info\/wp-content\/uploads\/2024\/10\/IMG-20241011-WA0001.jpg 1080w\" sizes=\"(max-width: 1024px) 100vw, 1024px\" \/><\/figure>\n\n\n\n<p>Revenant sur l\u2019objectif de cette rencontre Monsieur P\u00e9p\u00e9 2 HABA , Inspecteur R\u00e9gional du Commerce, de l&rsquo;Industrie et des PME pr\u00e9cise \u00ab cette rencontre consiste \u00e0 prendre des dispositions pour r\u00e9server un accueil chaleureux au Ministre de l\u2019Agriculture et de l&rsquo;\u00c9levage Monsieur F\u00e9lix LAMAH, dans le cadre d\u2019une tourn\u00e9e dans la r\u00e9gion Foresti\u00e8re. C\u2019est pourquoi la jeunesse et les femmes doivent se lever comme un seul homme, pour exprimer toute leur joie et r\u00e9it\u00e9rer leur adh\u00e9sion aux actions du chef de l\u2019\u00c9tat le G\u00e9n\u00e9ral Mamadi DOUMBOUYA \u00bb<\/p>\n\n\n\n<p>\u00ab nous allons montrer \u00e0 la face du monde et au Ministre que votre \u00e9coute attentive et vos actions concr\u00e8tes pour promouvoir la durabilit\u00e9 et l\u2019innovation dans nos pratiques agricoles sont grandement appr\u00e9ci\u00e9es. Gr\u00e2ce \u00e0 votre leadership, nous avons pu renforcer notre autonomie alimentaire et nous savons qu&rsquo;il est toujours \u00e0 l&rsquo;\u00e9coute du bas peuple et on le soutien.. c\u2019est d&rsquo;ailleurs, l\u2019une des rares fois que Nz\u00e9r\u00e9kor\u00e9, fait trois ans sans violence et cela gr\u00e2ce au pr\u00e9sident de la r\u00e9publique le G\u00e9n\u00e9ral Mamadi DOUMBOUYA, qui a une attention particuli\u00e8re pour Nz\u00e9r\u00e9kor\u00e9 depuis sa venue \u00e0 la t\u00eate de notre pays \u00bb dira Madame Marie No\u00ebl BALAMOU.<\/p>\n\n\n\n<p>Pour Mory KABA \u00ab pour moi c\u2019est plus qu\u2019une joie de participer \u00e0 une telle rencontre. Car les r\u00e9sultats de Monsieur le Ministre de l\u2019agriculture est sans \u00e9quivoque dans le monde paysan. Le voir parmi nous est un ouf de soulagement. Et nous allons l\u2019accueillir triomphalement sans distinction d\u2019ethnies ou de religions. Car c\u2019est un guin\u00e9en dans l\u2019\u00e2me \u00bb conclura t-il.<\/p>\n\n\n\n<p>A noter que cette rencontre qui a regroup\u00e9 les repr\u00e9sents de toutes les couches sociales de Zaly, a connue la mise en place des diff\u00e9rentes commissions de travail, afin de conf\u00e9rer \u00e0 l\u2019\u00e9v\u00e9nement une r\u00e9ussite totale.<\/p>\n\n\n\n<p><strong>Thierno Amadou DIALLO<\/strong><\/p>\n","protected":false},"excerpt":{"rendered":"<p>Le quartier Kpama II de la commune urbaine de N\u2019Zerekore a servi de cadre \u00e0 cette importante r\u00e9union des Jeunes et des Femmes ce jeudi 10 octobre 2024. Revenant sur l\u2019objectif de cette rencontre Monsieur P\u00e9p\u00e9 2 HABA , Inspecteur R\u00e9gional du Commerce, de l&rsquo;Industrie et des PME pr\u00e9cise \u00ab cette rencontre consiste \u00e0 prendre [&hellip;]<\/p>\n","protected":false},"author":123458,"featured_media":6862,"comment_status":"open","ping_status":"open","sticky":false,"template":"","format":"standard","meta":{"_acf_changed":false,"footnotes":""},"categories":[11,18],"tags":[],"class_list":["post-6860","post","type-post","status-publish","format-standard","has-post-thumbnail","hentry","category-actualite","category-region"],"acf":[],"_links":{"self":[{"href":"https:\/\/lereveil224.info\/index.php\/wp-json\/wp\/v2\/posts\/6860","targetHints":{"allow":["GET"]}}],"collection":[{"href":"https:\/\/lereveil224.info\/index.php\/wp-json\/wp\/v2\/posts"}],"about":[{"href":"https:\/\/lereveil224.info\/index.php\/wp-json\/wp\/v2\/types\/post"}],"author":[{"embeddable":true,"href":"https:\/\/lereveil224.info\/index.php\/wp-json\/wp\/v2\/users\/123458"}],"replies":[{"embeddable":true,"href":"https:\/\/lereveil224.info\/index.php\/wp-json\/wp\/v2\/comments?post=6860"}],"version-history":[{"count":1,"href":"https:\/\/lereveil224.info\/index.php\/wp-json\/wp\/v2\/posts\/6860\/revisions"}],"predecessor-version":[{"id":6863,"href":"https:\/\/lereveil224.info\/index.php\/wp-json\/wp\/v2\/posts\/6860\/revisions\/6863"}],"wp:featuredmedia":[{"embeddable":true,"href":"https:\/\/lereveil224.info\/index.php\/wp-json\/wp\/v2\/media\/6862"}],"wp:attachment":[{"href":"https:\/\/lereveil224.info\/index.php\/wp-json\/wp\/v2\/media?parent=6860"}],"wp:term":[{"taxonomy":"category","embeddable":true,"href":"https:\/\/lereveil224.info\/index.php\/wp-json\/wp\/v2\/categories?post=6860"},{"taxonomy":"post_tag","embeddable":true,"href":"https:\/\/lereveil224.info\/index.php\/wp-json\/wp\/v2\/tags?post=6860"}],"curies":[{"name":"wp","href":"https:\/\/api.w.org\/{rel}","templated":true}]}}