{"id":6785,"date":"2024-10-03T19:37:17","date_gmt":"2024-10-03T19:37:17","guid":{"rendered":"https:\/\/lereveil224.info\/?p=6785"},"modified":"2024-10-03T19:37:18","modified_gmt":"2024-10-03T19:37:18","slug":"guinee-sidya-toure-se-dit-ouvert-a-une-candidature-de-mamadi-doumbouya-a-la-presidentielle","status":"publish","type":"post","link":"https:\/\/lereveil224.info\/index.php\/2024\/10\/03\/guinee-sidya-toure-se-dit-ouvert-a-une-candidature-de-mamadi-doumbouya-a-la-presidentielle\/","title":{"rendered":"Guin\u00e9e : Sidya TOURE se dit ouvert \u00e0 une candidature de Mamadi DOUMBOUYA \u00e0 la pr\u00e9sidentielle"},"content":{"rendered":"\n<p>La Guin\u00e9e retient son souffle alors que les \u00e9lections pr\u00e9sidentielles approchent \u00e0 grands pas. Et tandis que les rumeurs continuent de circuler sur la possible candidature du g\u00e9n\u00e9ral Mamadi DOUMBOUYA, pr\u00e9sident de la transition, Sidya TOURE, pr\u00e9sident de l&rsquo;Union des Forces R\u00e9publicaines (UFR), a surpris tout le monde en se d\u00e9clarant ouvert \u00e0 la candidature de celui-ci.<\/p>\n\n\n\n<p>Lors d&rsquo;une interview accord\u00e9e \u00e0 la radio allemande DW, Sidya TOURE a d\u00e9clar\u00e9 que \u00ab Si la candidature de DOUMBOUYA est une n\u00e9cessit\u00e9 mais que les autres candidatures le sont et que nous avons la libert\u00e9 et la garantie pour \u00eatre en Guin\u00e9e de faire campagne, je ne verrais pas d&rsquo;inconv\u00e9nients \u00bb. Il s&rsquo;agit d&rsquo;un changement par rapport \u00e0 la position qu&rsquo;il avait prise il y a quelques semaines, o\u00f9 il avait d\u00e9nonc\u00e9 le manque de transparence du processus \u00e9lectoral.<\/p>\n\n\n\n<p>La d\u00e9claration de Sidya TOURE marque donc une position nuanc\u00e9e, mais qui pourrait \u00eatre interpr\u00e9t\u00e9e comme un moyen de maintenir une porte ouverte avec le pouvoir en place. Toutefois, il rappelle que la candidature de Mamadi DOUMBOUYA ne doit pas se faire au d\u00e9triment de la d\u00e9mocratie et de la transparence du processus \u00e9lectoral.<\/p>\n\n\n\n<p>Ce nouvel \u00e9clairage de Sidya TOURE intervient alors que la question de la candidature de Mamadi DOUMBOUYA reste un sujet br\u00fblant dans le d\u00e9bat politique guin\u00e9en. L&rsquo;opposition accuse le g\u00e9n\u00e9ral d&rsquo;avoir fait un coup d&rsquo;\u00c9tat et de ne pas \u00eatre l\u00e9gitime pour se pr\u00e9senter aux \u00e9lections. N\u00e9anmoins, plusieurs personnalit\u00e9s de l&rsquo;opposition ont d\u00e9j\u00e0 annonc\u00e9 leur candidature, et l&rsquo;on attend une clarification de la part de Mamadi DOUMBOUYA quant \u00e0 ses intentions futures.<\/p>\n\n\n\n<p>Dans tous les cas, ces d\u00e9clarations de Sidya TOURE montrent que les prochaines \u00e9lections pr\u00e9sidentielles en Guin\u00e9e seront aussi bien incertaines que tendues. Et il faudra attendre les mois \u00e0 venir pour en savoir plus sur les pr\u00e9tendants et les enjeux r\u00e9els de cette \u00e9lection.<\/p>\n\n\n\n<p><strong>Mamadouba CAMARA<\/strong><\/p>\n","protected":false},"excerpt":{"rendered":"<p>La Guin\u00e9e retient son souffle alors que les \u00e9lections pr\u00e9sidentielles approchent \u00e0 grands pas. Et tandis que les rumeurs continuent de circuler sur la possible candidature du g\u00e9n\u00e9ral Mamadi DOUMBOUYA, pr\u00e9sident de la transition, Sidya TOURE, pr\u00e9sident de l&rsquo;Union des Forces R\u00e9publicaines (UFR), a surpris tout le monde en se d\u00e9clarant ouvert \u00e0 la candidature [&hellip;]<\/p>\n","protected":false},"author":123458,"featured_media":6787,"comment_status":"open","ping_status":"open","sticky":false,"template":"","format":"standard","meta":{"_acf_changed":false,"footnotes":""},"categories":[11,2],"tags":[],"class_list":["post-6785","post","type-post","status-publish","format-standard","has-post-thumbnail","hentry","category-actualite","category-politique"],"acf":[],"_links":{"self":[{"href":"https:\/\/lereveil224.info\/index.php\/wp-json\/wp\/v2\/posts\/6785","targetHints":{"allow":["GET"]}}],"collection":[{"href":"https:\/\/lereveil224.info\/index.php\/wp-json\/wp\/v2\/posts"}],"about":[{"href":"https:\/\/lereveil224.info\/index.php\/wp-json\/wp\/v2\/types\/post"}],"author":[{"embeddable":true,"href":"https:\/\/lereveil224.info\/index.php\/wp-json\/wp\/v2\/users\/123458"}],"replies":[{"embeddable":true,"href":"https:\/\/lereveil224.info\/index.php\/wp-json\/wp\/v2\/comments?post=6785"}],"version-history":[{"count":1,"href":"https:\/\/lereveil224.info\/index.php\/wp-json\/wp\/v2\/posts\/6785\/revisions"}],"predecessor-version":[{"id":6786,"href":"https:\/\/lereveil224.info\/index.php\/wp-json\/wp\/v2\/posts\/6785\/revisions\/6786"}],"wp:featuredmedia":[{"embeddable":true,"href":"https:\/\/lereveil224.info\/index.php\/wp-json\/wp\/v2\/media\/6787"}],"wp:attachment":[{"href":"https:\/\/lereveil224.info\/index.php\/wp-json\/wp\/v2\/media?parent=6785"}],"wp:term":[{"taxonomy":"category","embeddable":true,"href":"https:\/\/lereveil224.info\/index.php\/wp-json\/wp\/v2\/categories?post=6785"},{"taxonomy":"post_tag","embeddable":true,"href":"https:\/\/lereveil224.info\/index.php\/wp-json\/wp\/v2\/tags?post=6785"}],"curies":[{"name":"wp","href":"https:\/\/api.w.org\/{rel}","templated":true}]}}