{"id":6753,"date":"2024-09-26T09:27:09","date_gmt":"2024-09-26T09:27:09","guid":{"rendered":"https:\/\/lereveil224.info\/?p=6753"},"modified":"2024-09-26T09:27:10","modified_gmt":"2024-09-26T09:27:10","slug":"vers-une-transition-democratique-en-guinee-le-premier-ministre-ouvre-la-voie-a-toutes-les-candidatures-y-compris-celle-du-general-doumbouya","status":"publish","type":"post","link":"https:\/\/lereveil224.info\/index.php\/2024\/09\/26\/vers-une-transition-democratique-en-guinee-le-premier-ministre-ouvre-la-voie-a-toutes-les-candidatures-y-compris-celle-du-general-doumbouya\/","title":{"rendered":"Vers une Transition D\u00e9mocratique en Guin\u00e9e : Le Premier Ministre Ouvre la Voie \u00e0 Toutes les Candidatures, y compris celle du G\u00e9n\u00e9ral DOUMBOUYA"},"content":{"rendered":"\n<p>Depuis New York, o\u00f9 il participe \u00e0 l\u2019Assembl\u00e9e G\u00e9n\u00e9rale des Nations Unies, le Premier Ministre guin\u00e9en a clarifi\u00e9 la position du gouvernement quant \u00e0 une potentielle candidature du G\u00e9n\u00e9ral Mamadi DOUMBOUYA lors de la prochaine \u00e9lection pr\u00e9sidentielle, cens\u00e9e mettre un terme \u00e0 la transition actuelle en Guin\u00e9e.<\/p>\n\n\n\n<p>Lors d\u2019une intervention \u00e0 la VOA (Voice of America), le chef du gouvernement a soulign\u00e9 l\u2019importance d\u2019une approche inclusive du processus d\u00e9mocratique en cours. Selon lui, l\u2019objectif de la future Constitution en \u00e9laboration est d\u2019\u00e9viter toute exclusion au sein de l\u2019espace politique. Il a insist\u00e9 sur le fait que cette nouvelle Constitution ne devait pas \u00eatre taill\u00e9e sur mesure pour servir les ambitions personnelles de certains acteurs politiques, mais au contraire garantir une ouverture \u00e0 toutes les candidatures possibles. \u00ab Aussi bien le G\u00e9n\u00e9ral Mamadi DOUMBOUYA que d&rsquo;autres doivent pouvoir participer au processus d\u00e9mocratique \u00bb, a-t-il affirm\u00e9, ouvrant ainsi la porte \u00e0 une \u00e9ventuelle candidature du leader actuel de la transition.<\/p>\n\n\n\n<p><strong>Un Processus de Stabilisation D\u00e9mocratique :<\/strong><\/p>\n\n\n\n<p>Le Premier Ministre a \u00e9galement rappel\u00e9 que la prochaine \u00e9tape cruciale apr\u00e8s l&rsquo;adoption de la nouvelle Constitution par r\u00e9f\u00e9rendum serait l\u2019organisation de l\u2019\u00e9lection pr\u00e9sidentielle. \u00ab Apr\u00e8s le r\u00e9f\u00e9rendum constitutionnel, nous irons directement \u00e0 la pr\u00e9sidentielle pour parachever ce processus qui, pour la mise en force des institutions de la R\u00e9publique, n\u00e9cessite que le pouvoir ex\u00e9cutif soit d\u00e9mocratiquement install\u00e9 \u00bb, a-t-il pr\u00e9cis\u00e9.<\/p>\n\n\n\n<p>Cette d\u00e9claration s\u2019inscrit dans une volont\u00e9 claire de stabilisation du pays, marquant une \u00e9tape essentielle dans le retour \u00e0 un ordre constitutionnel normal. Le processus de transition en Guin\u00e9e, amorc\u00e9 apr\u00e8s le renversement du pr\u00e9c\u00e9dent r\u00e9gime, semble ainsi entrer dans sa phase d\u00e9cisive, avec l\u2019ouverture d\u2019un d\u00e9bat sur la place du G\u00e9n\u00e9ral DOUMBOUYA dans cette nouvelle \u00e8re politique.<\/p>\n\n\n\n<p>Si la candidature de ce dernier reste encore incertaine, il est \u00e9vident que la question de son r\u00f4le futur au sein du paysage politique guin\u00e9en suscite d\u00e9j\u00e0 des discussions anim\u00e9es. Reste \u00e0 savoir si, au-del\u00e0 des d\u00e9clarations de principe, les conditions d&rsquo;une \u00e9lection pr\u00e9sidentielle ouverte et transparente seront v\u00e9ritablement r\u00e9unies pour garantir une transition d\u00e9mocratique r\u00e9ussie.<\/p>\n\n\n\n<p><strong>Mamadouba CAMARA<\/strong><\/p>\n","protected":false},"excerpt":{"rendered":"<p>Depuis New York, o\u00f9 il participe \u00e0 l\u2019Assembl\u00e9e G\u00e9n\u00e9rale des Nations Unies, le Premier Ministre guin\u00e9en a clarifi\u00e9 la position du gouvernement quant \u00e0 une potentielle candidature du G\u00e9n\u00e9ral Mamadi DOUMBOUYA lors de la prochaine \u00e9lection pr\u00e9sidentielle, cens\u00e9e mettre un terme \u00e0 la transition actuelle en Guin\u00e9e. Lors d\u2019une intervention \u00e0 la VOA (Voice of [&hellip;]<\/p>\n","protected":false},"author":123458,"featured_media":6754,"comment_status":"open","ping_status":"open","sticky":false,"template":"","format":"standard","meta":{"_acf_changed":false,"footnotes":""},"categories":[11,2],"tags":[],"class_list":["post-6753","post","type-post","status-publish","format-standard","has-post-thumbnail","hentry","category-actualite","category-politique"],"acf":[],"_links":{"self":[{"href":"https:\/\/lereveil224.info\/index.php\/wp-json\/wp\/v2\/posts\/6753","targetHints":{"allow":["GET"]}}],"collection":[{"href":"https:\/\/lereveil224.info\/index.php\/wp-json\/wp\/v2\/posts"}],"about":[{"href":"https:\/\/lereveil224.info\/index.php\/wp-json\/wp\/v2\/types\/post"}],"author":[{"embeddable":true,"href":"https:\/\/lereveil224.info\/index.php\/wp-json\/wp\/v2\/users\/123458"}],"replies":[{"embeddable":true,"href":"https:\/\/lereveil224.info\/index.php\/wp-json\/wp\/v2\/comments?post=6753"}],"version-history":[{"count":1,"href":"https:\/\/lereveil224.info\/index.php\/wp-json\/wp\/v2\/posts\/6753\/revisions"}],"predecessor-version":[{"id":6755,"href":"https:\/\/lereveil224.info\/index.php\/wp-json\/wp\/v2\/posts\/6753\/revisions\/6755"}],"wp:featuredmedia":[{"embeddable":true,"href":"https:\/\/lereveil224.info\/index.php\/wp-json\/wp\/v2\/media\/6754"}],"wp:attachment":[{"href":"https:\/\/lereveil224.info\/index.php\/wp-json\/wp\/v2\/media?parent=6753"}],"wp:term":[{"taxonomy":"category","embeddable":true,"href":"https:\/\/lereveil224.info\/index.php\/wp-json\/wp\/v2\/categories?post=6753"},{"taxonomy":"post_tag","embeddable":true,"href":"https:\/\/lereveil224.info\/index.php\/wp-json\/wp\/v2\/tags?post=6753"}],"curies":[{"name":"wp","href":"https:\/\/api.w.org\/{rel}","templated":true}]}}