{"id":6478,"date":"2024-07-05T16:20:51","date_gmt":"2024-07-05T16:20:51","guid":{"rendered":"https:\/\/lereveil224.info\/?p=6478"},"modified":"2024-07-05T16:20:53","modified_gmt":"2024-07-05T16:20:53","slug":"conakry-le-pm-bah-oury-donne-le-bon-exemple","status":"publish","type":"post","link":"https:\/\/lereveil224.info\/index.php\/2024\/07\/05\/conakry-le-pm-bah-oury-donne-le-bon-exemple\/","title":{"rendered":"Conakry : le PM BAH Oury donne le bon exemple"},"content":{"rendered":"\n<p>Dans la dynamique de joindre les paroles \u00e0 l&rsquo;acte, Monsieur le premier Ministre chef du gouvernement Amadou Oury BAH et son \u00e9quipe mettent en place des compteurs pr\u00e9pay\u00e9s \u00e0 la primature.<\/p>\n\n\n\n<p>\u00c0 cette occasion, le PM s&rsquo;est exprim\u00e9 en ces termes &lt;&lt;<em>C&rsquo;est dans le cadre de permettre \u00e0 chacun de vivre dignement et lutter contre le gaspillage inutile de l&rsquo;\u00e9lectricit\u00e9 que cette action entre dans sa phase d&rsquo;amor\u00e7age. Sous le leadership et l&rsquo;engagement du Pr\u00e9sident de la R\u00e9publique, le G\u00e9n\u00e9ral Mamadi DOUMBOUYA, pour la mise en \u0153uvre d&rsquo;une politique rigoureuse permettant \u00e0 chacun de vivre dignement et de se donner les moyens d&rsquo;esp\u00e9rer \u00e0 travers un capital humain renforc\u00e9 et comp\u00e9titif.<\/em>>><\/p>\n\n\n\n<p>Il faut souligner que le d\u00e9but d&rsquo;une vaste campagne de pose des compteurs pr\u00e9pay\u00e9s dans les administrations publiques ainsi que les m\u00e9nages en cette p\u00e9riode o\u00f9 la capitale Conakry, traverse l&rsquo;une des plus grandes crise d&rsquo;\u00e9lectricit\u00e9.<\/p>\n\n\n\n<p><strong>Mamadouba CAMARA<\/strong><\/p>\n","protected":false},"excerpt":{"rendered":"<p>Dans la dynamique de joindre les paroles \u00e0 l&rsquo;acte, Monsieur le premier Ministre chef du gouvernement Amadou Oury BAH et son \u00e9quipe mettent en place des compteurs pr\u00e9pay\u00e9s \u00e0 la primature. \u00c0 cette occasion, le PM s&rsquo;est exprim\u00e9 en ces termes &lt;&lt;C&rsquo;est dans le cadre de permettre \u00e0 chacun de vivre dignement et lutter contre [&hellip;]<\/p>\n","protected":false},"author":123457,"featured_media":6479,"comment_status":"open","ping_status":"open","sticky":false,"template":"","format":"standard","meta":{"_acf_changed":false,"footnotes":""},"categories":[11,10],"tags":[],"class_list":["post-6478","post","type-post","status-publish","format-standard","has-post-thumbnail","hentry","category-actualite","category-societe"],"acf":[],"_links":{"self":[{"href":"https:\/\/lereveil224.info\/index.php\/wp-json\/wp\/v2\/posts\/6478","targetHints":{"allow":["GET"]}}],"collection":[{"href":"https:\/\/lereveil224.info\/index.php\/wp-json\/wp\/v2\/posts"}],"about":[{"href":"https:\/\/lereveil224.info\/index.php\/wp-json\/wp\/v2\/types\/post"}],"author":[{"embeddable":true,"href":"https:\/\/lereveil224.info\/index.php\/wp-json\/wp\/v2\/users\/123457"}],"replies":[{"embeddable":true,"href":"https:\/\/lereveil224.info\/index.php\/wp-json\/wp\/v2\/comments?post=6478"}],"version-history":[{"count":1,"href":"https:\/\/lereveil224.info\/index.php\/wp-json\/wp\/v2\/posts\/6478\/revisions"}],"predecessor-version":[{"id":6480,"href":"https:\/\/lereveil224.info\/index.php\/wp-json\/wp\/v2\/posts\/6478\/revisions\/6480"}],"wp:featuredmedia":[{"embeddable":true,"href":"https:\/\/lereveil224.info\/index.php\/wp-json\/wp\/v2\/media\/6479"}],"wp:attachment":[{"href":"https:\/\/lereveil224.info\/index.php\/wp-json\/wp\/v2\/media?parent=6478"}],"wp:term":[{"taxonomy":"category","embeddable":true,"href":"https:\/\/lereveil224.info\/index.php\/wp-json\/wp\/v2\/categories?post=6478"},{"taxonomy":"post_tag","embeddable":true,"href":"https:\/\/lereveil224.info\/index.php\/wp-json\/wp\/v2\/tags?post=6478"}],"curies":[{"name":"wp","href":"https:\/\/api.w.org\/{rel}","templated":true}]}}