{"id":6473,"date":"2024-07-04T17:25:27","date_gmt":"2024-07-04T17:25:27","guid":{"rendered":"https:\/\/lereveil224.info\/?p=6473"},"modified":"2024-07-04T21:31:15","modified_gmt":"2024-07-04T21:31:15","slug":"senegal-dakar-fin-des-travaux-du-22-eme-concours-dagregation-de-medecine","status":"publish","type":"post","link":"https:\/\/lereveil224.info\/index.php\/2024\/07\/04\/senegal-dakar-fin-des-travaux-du-22-eme-concours-dagregation-de-medecine\/","title":{"rendered":"S\u00e9n\u00e9gal- Dakar: Fin des travaux du 22 \u00e8me Concours D&rsquo;agr\u00e9gation de M\u00e9decine"},"content":{"rendered":"\n<p>Le si\u00e8ge de la Direction de WASCAL de l\u2019Universit\u00e9 Cheikh Anta Diop de Dakar (S\u00e9n\u00e9gal), a servi de cadre \u00e0 la c\u00e9r\u00e9monie d\u2019ouverture de la r\u00e9union des Pr\u00e9sidents des jurys du 22\u00e8me Concours d\u2019Agr\u00e9gation de M\u00e9decine humaine, Pharmacie, Odontostomatologie, M\u00e9decine V\u00e9t\u00e9rinaire et Productions Animales du CAMES, le mercredi 3 juillet 2024.<\/p>\n\n\n\n<p>En effet, cette rencontre de deux jours \u00e0 \u00e9t\u00e9 mise a \u00e9t\u00e9 essentiellement ax\u00e9s au tour des points suivants :<\/p>\n\n\n\n<ol class=\"wp-block-list\">\n<li>donner aux Pr\u00e9sidents de Sections des informations pertinentes sur le Concours ;<\/li>\n\n\n\n<li>faire un \u00e9tat des lieux sur le fonctionnement du Programme Concours d\u2019agr\u00e9gation MHPOMV, en mettant l\u2019accent sur les difficult\u00e9s rencontr\u00e9es lors de la tenue de la 21e session et les perspectives \u00e0 envisager ;<\/li>\n\n\n\n<li>Pr\u00e9senter les crit\u00e8res de d\u00e9signation des membres des jurys de Sous-Sections ;<\/li>\n\n\n\n<li>Former les Pr\u00e9sidents sur l\u2019environnement num\u00e9rique de travail (plateforme agr\u00e9gation et la salle virtuelle) ;<\/li>\n\n\n\n<li>Pr\u00e9senter le dispositif de l\u2019organisation \u00e0 distance de la 1re \u00e9preuve pour toutes les Sections.<\/li>\n\n\n\n<li>D\u00e9signer les membres de jurys des diff\u00e9rentes Sous-Sections de la 22e \u00e9dition dudit Concours dont, les 2e et 3e \u00e9preuves se tiendront en pr\u00e9sentiel du 4 au 15 novembre 2024 \u00e0 Conakry, en Guin\u00e9e.<\/li>\n<\/ol>\n\n\n\n<p>\u00c0 noter que cette rencontre a \u00e9t\u00e9 rehauss\u00e9e de la pr\u00e9sence du superviseur du Pr\u00e9sident du Comit\u00e9 Consultatif G\u00e9n\u00e9ral, Pr Ahmadou Aly MBAYE, Recteur de l\u2019Universit\u00e9 Cheikh Anta Diop de Dakar (UCAD) et sous la conduite du Secr\u00e9taire G\u00e9n\u00e9ral du CAMES, Pr Souleymane KONAT\u00c9 et du nouveau Pr\u00e9sident Coordonnateur G\u00e9n\u00e9ral des jurys du Concours d\u2019Agr\u00e9gation de M\u00e9decine, Pr Mohamed CISS\u00c9 de l\u2019Universit\u00e9 Gamal Abdel Nasser de Conakry (Guin\u00e9e), ainsi que les membres du personnel du Secr\u00e9tariat g\u00e9n\u00e9ral du CAMES.<\/p>\n\n\n\n<p><strong>Mamadouba CAMARA <\/strong><\/p>\n","protected":false},"excerpt":{"rendered":"<p>Le si\u00e8ge de la Direction de WASCAL de l\u2019Universit\u00e9 Cheikh Anta Diop de Dakar (S\u00e9n\u00e9gal), a servi de cadre \u00e0 la c\u00e9r\u00e9monie d\u2019ouverture de la r\u00e9union des Pr\u00e9sidents des jurys du 22\u00e8me Concours d\u2019Agr\u00e9gation de M\u00e9decine humaine, Pharmacie, Odontostomatologie, M\u00e9decine V\u00e9t\u00e9rinaire et Productions Animales du CAMES, le mercredi 3 juillet 2024. En effet, cette rencontre [&hellip;]<\/p>\n","protected":false},"author":123457,"featured_media":6474,"comment_status":"open","ping_status":"open","sticky":false,"template":"","format":"standard","meta":{"_acf_changed":false,"footnotes":""},"categories":[11,29],"tags":[],"class_list":["post-6473","post","type-post","status-publish","format-standard","has-post-thumbnail","hentry","category-actualite","category-continentale"],"acf":[],"_links":{"self":[{"href":"https:\/\/lereveil224.info\/index.php\/wp-json\/wp\/v2\/posts\/6473","targetHints":{"allow":["GET"]}}],"collection":[{"href":"https:\/\/lereveil224.info\/index.php\/wp-json\/wp\/v2\/posts"}],"about":[{"href":"https:\/\/lereveil224.info\/index.php\/wp-json\/wp\/v2\/types\/post"}],"author":[{"embeddable":true,"href":"https:\/\/lereveil224.info\/index.php\/wp-json\/wp\/v2\/users\/123457"}],"replies":[{"embeddable":true,"href":"https:\/\/lereveil224.info\/index.php\/wp-json\/wp\/v2\/comments?post=6473"}],"version-history":[{"count":2,"href":"https:\/\/lereveil224.info\/index.php\/wp-json\/wp\/v2\/posts\/6473\/revisions"}],"predecessor-version":[{"id":6477,"href":"https:\/\/lereveil224.info\/index.php\/wp-json\/wp\/v2\/posts\/6473\/revisions\/6477"}],"wp:featuredmedia":[{"embeddable":true,"href":"https:\/\/lereveil224.info\/index.php\/wp-json\/wp\/v2\/media\/6474"}],"wp:attachment":[{"href":"https:\/\/lereveil224.info\/index.php\/wp-json\/wp\/v2\/media?parent=6473"}],"wp:term":[{"taxonomy":"category","embeddable":true,"href":"https:\/\/lereveil224.info\/index.php\/wp-json\/wp\/v2\/categories?post=6473"},{"taxonomy":"post_tag","embeddable":true,"href":"https:\/\/lereveil224.info\/index.php\/wp-json\/wp\/v2\/tags?post=6473"}],"curies":[{"name":"wp","href":"https:\/\/api.w.org\/{rel}","templated":true}]}}