{"id":6462,"date":"2024-07-04T12:38:51","date_gmt":"2024-07-04T12:38:51","guid":{"rendered":"https:\/\/lereveil224.info\/?p=6462"},"modified":"2024-07-04T12:38:52","modified_gmt":"2024-07-04T12:38:52","slug":"burkina-faso-une-nouvelle-ere-politique-samorce","status":"publish","type":"post","link":"https:\/\/lereveil224.info\/index.php\/2024\/07\/04\/burkina-faso-une-nouvelle-ere-politique-samorce\/","title":{"rendered":"Burkina Faso : Une nouvelle \u00e8re politique s&rsquo;amorce"},"content":{"rendered":"\n<p>Le Burkina Faso dans toutes ces r\u00e9formes politiques, d\u00e9bute une nouvelle \u00e9tape majeure conform\u00e9ment aux r\u00e9solutions des assises nationales du 25 mai 2024. Ces d\u00e9cisions ont consid\u00e9rablement accord\u00e9 un mandat de cinq ans au chef de l\u2019\u00c9tat, le capitaine <strong>Ibrahim TRAOR\u00c9,<\/strong> sans aucune n\u00e9cessit\u00e9 de renouveler le serment pr\u00e9sidentiel.<\/p>\n\n\n\n<p>D&rsquo;apr\u00e8s les infos, cette prorogation de la transition politique pourrait potentiellement remodeler le paysage politique burkinab\u00e8. En particulier, l\u2019Assembl\u00e9e l\u00e9gislative de transition (ALT) qui serait en phase de r\u00e9organisation.<\/p>\n\n\n\n<p>Lors de son intervention sur le plateau du journal t\u00e9l\u00e9vis\u00e9 national le 1er juillet 2024, Me Rodrigue BAYALA, Ministre des relations avec les institutions, a soulign\u00e9 que les modifications apport\u00e9es \u00e0 la Charte de la transition, entr\u00e9es en vigueur le 25 mai 2024, pourraient influencer cette recomposition de l\u2019ALT.<\/p>\n\n\n\n<p>Pour l&rsquo;heure, l\u2019Assembl\u00e9e l\u00e9gislative de transition compte 71 d\u00e9put\u00e9s, repr\u00e9sentant divers secteurs de la soci\u00e9t\u00e9 burkinab\u00e8, dont 20 d\u00e9sign\u00e9s par le chef de l\u2019\u00c9tat, 16 par les forces de d\u00e9fense et de s\u00e9curit\u00e9, 12 par des organisations de la soci\u00e9t\u00e9 civile, 13 repr\u00e9sentants des r\u00e9gions du pays, et 10 des partis politiques. Cependant, l\u2019article 14 de la charte modifi\u00e9e a aboli les quotas attribu\u00e9s aux anciennes composantes politiques comme l\u2019ex-majorit\u00e9 et l\u2019ex-opposition, optant d\u00e9sormais pour une repr\u00e9sentation plus globale des partis et formations politiques avec 12 places disponibles.<\/p>\n\n\n\n<p>Les discussions lors des assises ont \u00e9galement recommand\u00e9 l\u2019augmentation du nombre de si\u00e8ges \u00e0 l\u2019ALT pour inclure davantage de perspectives et de voix repr\u00e9sentatives. De m\u00eame, une adaptation des minist\u00e8res du gouvernement a \u00e9t\u00e9 pr\u00e9conis\u00e9e pour accro\u00eetre l\u2019efficacit\u00e9 administrative face aux d\u00e9fis actuels et priorit\u00e9s nationales.<\/p>\n\n\n\n<p>Pour les d\u00e9veloppements futurs au Burkina Faso, les regards sont de part et d&rsquo;autre tourn\u00e9s vers la dynamique politique.<\/p>\n\n\n\n<p><strong>Mamadouba CAMARA<\/strong><\/p>\n","protected":false},"excerpt":{"rendered":"<p>Le Burkina Faso dans toutes ces r\u00e9formes politiques, d\u00e9bute une nouvelle \u00e9tape majeure conform\u00e9ment aux r\u00e9solutions des assises nationales du 25 mai 2024. Ces d\u00e9cisions ont consid\u00e9rablement accord\u00e9 un mandat de cinq ans au chef de l\u2019\u00c9tat, le capitaine Ibrahim TRAOR\u00c9, sans aucune n\u00e9cessit\u00e9 de renouveler le serment pr\u00e9sidentiel. D&rsquo;apr\u00e8s les infos, cette prorogation de [&hellip;]<\/p>\n","protected":false},"author":123457,"featured_media":6463,"comment_status":"open","ping_status":"open","sticky":false,"template":"","format":"standard","meta":{"_acf_changed":false,"footnotes":""},"categories":[11,29,2],"tags":[],"class_list":["post-6462","post","type-post","status-publish","format-standard","has-post-thumbnail","hentry","category-actualite","category-continentale","category-politique"],"acf":[],"_links":{"self":[{"href":"https:\/\/lereveil224.info\/index.php\/wp-json\/wp\/v2\/posts\/6462","targetHints":{"allow":["GET"]}}],"collection":[{"href":"https:\/\/lereveil224.info\/index.php\/wp-json\/wp\/v2\/posts"}],"about":[{"href":"https:\/\/lereveil224.info\/index.php\/wp-json\/wp\/v2\/types\/post"}],"author":[{"embeddable":true,"href":"https:\/\/lereveil224.info\/index.php\/wp-json\/wp\/v2\/users\/123457"}],"replies":[{"embeddable":true,"href":"https:\/\/lereveil224.info\/index.php\/wp-json\/wp\/v2\/comments?post=6462"}],"version-history":[{"count":1,"href":"https:\/\/lereveil224.info\/index.php\/wp-json\/wp\/v2\/posts\/6462\/revisions"}],"predecessor-version":[{"id":6464,"href":"https:\/\/lereveil224.info\/index.php\/wp-json\/wp\/v2\/posts\/6462\/revisions\/6464"}],"wp:featuredmedia":[{"embeddable":true,"href":"https:\/\/lereveil224.info\/index.php\/wp-json\/wp\/v2\/media\/6463"}],"wp:attachment":[{"href":"https:\/\/lereveil224.info\/index.php\/wp-json\/wp\/v2\/media?parent=6462"}],"wp:term":[{"taxonomy":"category","embeddable":true,"href":"https:\/\/lereveil224.info\/index.php\/wp-json\/wp\/v2\/categories?post=6462"},{"taxonomy":"post_tag","embeddable":true,"href":"https:\/\/lereveil224.info\/index.php\/wp-json\/wp\/v2\/tags?post=6462"}],"curies":[{"name":"wp","href":"https:\/\/api.w.org\/{rel}","templated":true}]}}