{"id":6379,"date":"2024-06-17T04:44:17","date_gmt":"2024-06-17T04:44:17","guid":{"rendered":"https:\/\/lereveil224.info\/?p=6379"},"modified":"2024-06-17T05:25:33","modified_gmt":"2024-06-17T05:25:33","slug":"nzerekore-liman-exhorte-les-fideles-a-lunicite-de-dieu","status":"publish","type":"post","link":"https:\/\/lereveil224.info\/index.php\/2024\/06\/17\/nzerekore-liman-exhorte-les-fideles-a-lunicite-de-dieu\/","title":{"rendered":"N&rsquo;Z\u00e9r\u00e9kor\u00e9 : L&rsquo;iman exhorte les fid\u00e8les \u00e0 L&rsquo;unicit\u00e9 de Dieu"},"content":{"rendered":"\t\t<div data-elementor-type=\"wp-post\" data-elementor-id=\"6379\" class=\"elementor elementor-6379\">\n\t\t\t\t\t\t<section class=\"elementor-section elementor-top-section elementor-element elementor-element-26d994c4 elementor-section-boxed elementor-section-height-default elementor-section-height-default\" data-id=\"26d994c4\" data-element_type=\"section\" data-e-type=\"section\">\n\t\t\t\t\t\t<div class=\"elementor-container elementor-column-gap-default\">\n\t\t\t\t\t<div class=\"elementor-column elementor-col-100 elementor-top-column elementor-element elementor-element-4773e929\" data-id=\"4773e929\" data-element_type=\"column\" data-e-type=\"column\">\n\t\t\t<div class=\"elementor-widget-wrap elementor-element-populated\">\n\t\t\t\t\t\t<div class=\"elementor-element elementor-element-45a898e elementor-widget elementor-widget-text-editor\" data-id=\"45a898e\" data-element_type=\"widget\" data-e-type=\"widget\" data-widget_type=\"text-editor.default\">\n\t\t\t\t<div class=\"elementor-widget-container\">\n\t\t\t\t\t\t\t\t\t<p>Ce Dimanche 16 juin 2024, la mosqu\u00e9e r\u00e9gionale de N\u2019Z\u00e9r\u00e9kor\u00e9, a servi de cadre \u00e0 la tenue de la pri\u00e8re marquant la f\u00eate de Tabaski.<\/p>\t\t\t\t\t\t\t\t<\/div>\n\t\t\t\t<\/div>\n\t\t\t\t<div class=\"elementor-element elementor-element-c04f8c7 elementor-widget elementor-widget-image\" data-id=\"c04f8c7\" data-element_type=\"widget\" data-e-type=\"widget\" data-widget_type=\"image.default\">\n\t\t\t\t<div class=\"elementor-widget-container\">\n\t\t\t\t\t\t\t\t\t\t\t\t\t\t\t<img fetchpriority=\"high\" decoding=\"async\" width=\"762\" height=\"643\" src=\"https:\/\/lereveil224.info\/wp-content\/uploads\/2024\/06\/IMG-20240616-WA0010_1.jpg\" class=\"attachment-large size-large wp-image-6375\" alt=\"\" srcset=\"https:\/\/lereveil224.info\/wp-content\/uploads\/2024\/06\/IMG-20240616-WA0010_1.jpg 762w, https:\/\/lereveil224.info\/wp-content\/uploads\/2024\/06\/IMG-20240616-WA0010_1-300x253.jpg 300w\" sizes=\"(max-width: 762px) 100vw, 762px\" \/>\t\t\t\t\t\t\t\t\t\t\t\t\t\t\t<\/div>\n\t\t\t\t<\/div>\n\t\t\t\t<div class=\"elementor-element elementor-element-10b6356 elementor-widget elementor-widget-text-editor\" data-id=\"10b6356\" data-element_type=\"widget\" data-e-type=\"widget\" data-widget_type=\"text-editor.default\">\n\t\t\t\t<div class=\"elementor-widget-container\">\n\t\t\t\t\t\t\t\t\t<p><!-- \/wp:paragraph --><!-- wp:paragraph --><\/p>\n<p>Dans son sermon apr\u00e8s avoir dirig\u00e9 la pri\u00e8re de l&rsquo;A\u00efd elkabir, <strong>Elhadji Oumar CISS\u00c9<\/strong>, iman de la mosqu\u00e9e r\u00e9gionale de <strong>N\u2019Z\u00e9r\u00e9kor\u00e9<\/strong>, dit &lt;&lt; <em>le musulman doit implorer toujours la gr\u00e2ce de Dieu, car c&rsquo;est le fondement m\u00eame de la pri\u00e8re. Et seul Dieu, cr\u00e9ateur des cieux et de la terre m\u00e9rite d&rsquo;\u00eatre ador\u00e9. Toutes adoration qui n&rsquo;est Dieu est proscrite dans nos principes islamique<\/em>s&gt;<\/p>\n<p><!-- \/wp:paragraph --><!-- wp:paragraph --><\/p>\n<p>Poursuivant L&rsquo;iman pr\u00e9cise <em>&lt;&lt; l&rsquo;acte le plus important et souhait\u00e9 est le sacrifice de l&rsquo;animal soit le b\u0153uf pour un maximum de 7 personnes ou le b\u00e9lier, moutons ou ch\u00e8vre, \u2026 ..et cela en fonction des moyens. Et le partage de cette viande commence par le voisinage, les proches et les parents.&gt;&gt;<\/em><\/p>\t\t\t\t\t\t\t\t<\/div>\n\t\t\t\t<\/div>\n\t\t\t\t<div class=\"elementor-element elementor-element-0c144a3 elementor-widget elementor-widget-image\" data-id=\"0c144a3\" data-element_type=\"widget\" data-e-type=\"widget\" data-widget_type=\"image.default\">\n\t\t\t\t<div class=\"elementor-widget-container\">\n\t\t\t\t\t\t\t\t\t\t\t\t\t\t\t<img decoding=\"async\" width=\"1016\" height=\"762\" src=\"https:\/\/lereveil224.info\/wp-content\/uploads\/2024\/06\/IMG-20240616-WA0008.jpg\" class=\"attachment-large size-large wp-image-6378\" alt=\"\" srcset=\"https:\/\/lereveil224.info\/wp-content\/uploads\/2024\/06\/IMG-20240616-WA0008.jpg 1016w, https:\/\/lereveil224.info\/wp-content\/uploads\/2024\/06\/IMG-20240616-WA0008-300x225.jpg 300w, https:\/\/lereveil224.info\/wp-content\/uploads\/2024\/06\/IMG-20240616-WA0008-768x576.jpg 768w, https:\/\/lereveil224.info\/wp-content\/uploads\/2024\/06\/IMG-20240616-WA0008-86x64.jpg 86w\" sizes=\"(max-width: 1016px) 100vw, 1016px\" \/>\t\t\t\t\t\t\t\t\t\t\t\t\t\t\t<\/div>\n\t\t\t\t<\/div>\n\t\t\t\t<div class=\"elementor-element elementor-element-d2523d4 elementor-widget elementor-widget-text-editor\" data-id=\"d2523d4\" data-element_type=\"widget\" data-e-type=\"widget\" data-widget_type=\"text-editor.default\">\n\t\t\t\t<div class=\"elementor-widget-container\">\n\t\t\t\t\t\t\t\t\t<p>Prenant la parole le contr\u00f4leur g\u00e9n\u00e9ral de police <strong>Lamine KE\u00cfTA<\/strong>, gouverneur de la r\u00e9gion administrative de <strong>N&rsquo;Z\u00e9r\u00e9kor\u00e9 <\/strong>dit &lt;&lt;<em> c&rsquo;est un sentiment de joie et de fiert\u00e9 de voir que les populations des 6 pr\u00e9fectures de la r\u00e9gion administrative communier ensemble en cette grande journ\u00e9e de f\u00eate. C&rsquo;est pourquoi j&rsquo;exhorte les laborieuses populations de N&rsquo;Z\u00e9r\u00e9kor\u00e9, \u00e0 s&rsquo;inscrire dans la dynamique de la paix et de la coh\u00e9sion sans lesquelles aucun d\u00e9veloppement n&rsquo;est possible. Et cela conform\u00e9ment \u00e0 la volont\u00e9 du Pr\u00e9sident de la R\u00e9publique Son Excellence le G\u00e9n\u00e9ral Mamadi DOUMBOUYA<\/em>&gt;&gt; conclura t-il.<\/p>\t\t\t\t\t\t\t\t<\/div>\n\t\t\t\t<\/div>\n\t\t\t\t<div class=\"elementor-element elementor-element-04e70f2 elementor-widget elementor-widget-image\" data-id=\"04e70f2\" data-element_type=\"widget\" data-e-type=\"widget\" data-widget_type=\"image.default\">\n\t\t\t\t<div class=\"elementor-widget-container\">\n\t\t\t\t\t\t\t\t\t\t\t\t\t\t\t<img decoding=\"async\" width=\"762\" height=\"657\" src=\"https:\/\/lereveil224.info\/wp-content\/uploads\/2024\/06\/IMG-20240616-WA0009_1.jpg\" class=\"attachment-large size-large wp-image-6376\" alt=\"\" srcset=\"https:\/\/lereveil224.info\/wp-content\/uploads\/2024\/06\/IMG-20240616-WA0009_1.jpg 762w, https:\/\/lereveil224.info\/wp-content\/uploads\/2024\/06\/IMG-20240616-WA0009_1-300x259.jpg 300w\" sizes=\"(max-width: 762px) 100vw, 762px\" \/>\t\t\t\t\t\t\t\t\t\t\t\t\t\t\t<\/div>\n\t\t\t\t<\/div>\n\t\t\t\t<div class=\"elementor-element elementor-element-a93c044 elementor-widget elementor-widget-text-editor\" data-id=\"a93c044\" data-element_type=\"widget\" data-e-type=\"widget\" data-widget_type=\"text-editor.default\">\n\t\t\t\t<div class=\"elementor-widget-container\">\n\t\t\t\t\t\t\t\t\t<p>Pour Monsieur <strong>Sidiki KOMA<\/strong>, Procureur du tribunal du premi\u00e8re instance de <strong>N&rsquo;Z\u00e9r\u00e9kor\u00e9 <\/strong>&lt;&lt; <em>je rends gr\u00e2ce \u00e0 <strong>Dieu<\/strong>, le ma\u00eetre de toutes les situations pour cette gr\u00e2ce qu&rsquo;il nous accorde de vivre cette grande f\u00eate musulmane. Et je profite de cette occasion comme toujours pour dire \u00e0 la population de N&rsquo;Z\u00e9r\u00e9kor\u00e9 de savoir que la justice est l\u00e0 pour elle. Et pour ne rien on ne va se d\u00e9rober de cette r\u00e8gle conform\u00e9ment \u00e0 la vision du Pr\u00e9sident de la R\u00e9publique le g\u00e9n\u00e9ral Mamadi DOUMBOUYA<\/em>.&gt;&gt;<\/p>\t\t\t\t\t\t\t\t<\/div>\n\t\t\t\t<\/div>\n\t\t\t\t<div class=\"elementor-element elementor-element-84f1d05 elementor-widget elementor-widget-text-editor\" data-id=\"84f1d05\" data-element_type=\"widget\" data-e-type=\"widget\" data-widget_type=\"text-editor.default\">\n\t\t\t\t<div class=\"elementor-widget-container\">\n\t\t\t\t\t\t\t\t\t<p>&lt;&lt; <em>c&rsquo;est une satisfaction soutenue par une joie immense de vivre l&rsquo;un des plus beaux jour avec les autorit\u00e9s dans la paix et l&rsquo;unit\u00e9<\/em>&gt;&gt; dira <strong>Mory KONATE<\/strong>, citoyen du quartier <strong>Goyeba<\/strong>.<\/p>\n<p><!-- \/wp:paragraph --><!-- wp:paragraph --><\/p>\n<p>C&rsquo;est pas le sacrifice de L&rsquo;iman de la grande mosqu\u00e9e de <strong>N&rsquo;Z\u00e9r\u00e9kor\u00e9 <\/strong>que les immobilisations ont \u00e9t\u00e9 lanc\u00e9es dans la capitale de la Guin\u00e9e foresti\u00e8re.<\/p>\t\t\t\t\t\t\t\t<\/div>\n\t\t\t\t<\/div>\n\t\t\t\t\t<\/div>\n\t\t<\/div>\n\t\t\t\t\t<\/div>\n\t\t<\/section>\n\t\t\t\t<\/div>\n\t\t","protected":false},"excerpt":{"rendered":"<p>Ce Dimanche 16 juin 2024, la mosqu\u00e9e r\u00e9gionale de N\u2019Z\u00e9r\u00e9kor\u00e9, a servi de cadre \u00e0 la tenue de la pri\u00e8re marquant la f\u00eate de Tabaski. Dans son sermon apr\u00e8s avoir dirig\u00e9 la pri\u00e8re de l&rsquo;A\u00efd elkabir, Elhadji Oumar CISS\u00c9, iman de la mosqu\u00e9e r\u00e9gionale de N\u2019Z\u00e9r\u00e9kor\u00e9, dit &lt;&lt; le musulman doit implorer toujours la gr\u00e2ce [&hellip;]<\/p>\n","protected":false},"author":123457,"featured_media":6377,"comment_status":"open","ping_status":"open","sticky":false,"template":"","format":"standard","meta":{"_acf_changed":false,"footnotes":""},"categories":[11,18,27],"tags":[],"class_list":["post-6379","post","type-post","status-publish","format-standard","has-post-thumbnail","hentry","category-actualite","category-region","category-religieux"],"acf":[],"_links":{"self":[{"href":"https:\/\/lereveil224.info\/index.php\/wp-json\/wp\/v2\/posts\/6379","targetHints":{"allow":["GET"]}}],"collection":[{"href":"https:\/\/lereveil224.info\/index.php\/wp-json\/wp\/v2\/posts"}],"about":[{"href":"https:\/\/lereveil224.info\/index.php\/wp-json\/wp\/v2\/types\/post"}],"author":[{"embeddable":true,"href":"https:\/\/lereveil224.info\/index.php\/wp-json\/wp\/v2\/users\/123457"}],"replies":[{"embeddable":true,"href":"https:\/\/lereveil224.info\/index.php\/wp-json\/wp\/v2\/comments?post=6379"}],"version-history":[{"count":8,"href":"https:\/\/lereveil224.info\/index.php\/wp-json\/wp\/v2\/posts\/6379\/revisions"}],"predecessor-version":[{"id":6387,"href":"https:\/\/lereveil224.info\/index.php\/wp-json\/wp\/v2\/posts\/6379\/revisions\/6387"}],"wp:featuredmedia":[{"embeddable":true,"href":"https:\/\/lereveil224.info\/index.php\/wp-json\/wp\/v2\/media\/6377"}],"wp:attachment":[{"href":"https:\/\/lereveil224.info\/index.php\/wp-json\/wp\/v2\/media?parent=6379"}],"wp:term":[{"taxonomy":"category","embeddable":true,"href":"https:\/\/lereveil224.info\/index.php\/wp-json\/wp\/v2\/categories?post=6379"},{"taxonomy":"post_tag","embeddable":true,"href":"https:\/\/lereveil224.info\/index.php\/wp-json\/wp\/v2\/tags?post=6379"}],"curies":[{"name":"wp","href":"https:\/\/api.w.org\/{rel}","templated":true}]}}