{"id":6365,"date":"2024-06-13T07:46:59","date_gmt":"2024-06-13T07:46:59","guid":{"rendered":"https:\/\/lereveil224.info\/?p=6365"},"modified":"2024-06-13T07:47:00","modified_gmt":"2024-06-13T07:47:00","slug":"legislatives-en-france-emmanuel-macron-devoile-son-plan-de-bataille-afin-de-tenter-darracher-une-majorite-claire-pour-le-reste-du-quinquennat-et-contrer-lextreme-droite-aux-portes","status":"publish","type":"post","link":"https:\/\/lereveil224.info\/index.php\/2024\/06\/13\/legislatives-en-france-emmanuel-macron-devoile-son-plan-de-bataille-afin-de-tenter-darracher-une-majorite-claire-pour-le-reste-du-quinquennat-et-contrer-lextreme-droite-aux-portes\/","title":{"rendered":"L\u00e9gislatives en France: Emmanuel Macron d\u00e9voile son plan de bataille afin de tenter d&rsquo;arracher une \u00ab majorit\u00e9 claire \u00bb pour le reste du quinquennat et contrer l&rsquo;extr\u00eame droite, aux portes du pouvoir"},"content":{"rendered":"\n<p>Ce mercredi \u00e0 Paris, le <strong>pr\u00e9sident fran\u00e7ais Emmanuel Macron<\/strong> a donn\u00e9 une conf\u00e9rence de presse expliquer sa d\u00e9cision surprise de dissoudre l&rsquo;Assembl\u00e9e nationale au soir d&rsquo;\u00e9lections europ\u00e9ennes catastrophiques.<\/p>\n\n\n\n<p>Dans un propos liminaire qu&rsquo;il a tenu avant de r\u00e9pondre aux journalistes, le pr\u00e9sident fran\u00e7ais a rapidement voulu justifier sa d\u00e9cision apr\u00e8s la victoire du Rassemblement national le 9 juin. Un r\u00e9sultat auquel nous ne pouvions \u00ab <em>rester indiff\u00e9rents ou sourds et nous devions apporter des r\u00e9ponses d\u00e9mocratiques <\/em>\u00bb, a affirm\u00e9 le chef de l&rsquo;\u00c9tat.<\/p>\n\n\n\n<p>Apr\u00e8s avoir \u00ab <em>pris acte d&rsquo;un blocage \u00bb \u00e0 l&rsquo;Assembl\u00e9e nationale, selon lui la situation \u00ab imposait une dissolution qui permet seule la clarification des choses. C&rsquo;est un acte de confiance dans notre peuple, dans la d\u00e9mocratie. \u00bb<\/em><\/p>\n\n\n\n<p><strong>Emmanuel Macron <\/strong>affirme que : \u00ab <em>Depuis dimanche soir, les masques tombent. Les choses sont donc simples aujourd&rsquo;hui, nous avons des alliances contre-nature aux deux extr\u00eames <\/em>\u00bb, a-t-il poursuivi en visant la potentielle alliance de certains d\u00e9put\u00e9s sortants LR, emmen\u00e9s par \u00c9ric Ciotti, avec le Rassemblement national et la tentative d&rsquo;union en cours entre les forces de gauche pour pr\u00e9senter des candidatures uniques dans les 577 circonscriptions fran\u00e7aises lors du premier tour des l\u00e9gislatives qui se tiendra le 30 juin prochain.<\/p>\n\n\n\n<p>Mais il dit vouloir rassembler et non rallier. \u00ab<strong> Je suis convaincu que des sociaux d\u00e9mocrates, des radicaux, des \u00e9cologistes, des r\u00e9publicains \u00bb peuvent se retrouver autour \u00ab de quelques axes clairs \u00bb et b\u00e2tir une \u00ab f\u00e9d\u00e9ration de projets<\/strong> \u00bb.<\/p>\n\n\n\n<p>\u00ab <em>Nous sommes pr\u00eats \u00e0 int\u00e9grer des propositions de sociaux d\u00e9mocrates \u00bb, de responsables de la \u00ab droite gaulliste <\/em>\u00bb et \u00ab <em>d&rsquo;\u00e9cologistes \u00bb, a-t-il poursuivi, avec la \u00ab volont\u00e9 sinc\u00e8re et humble de b\u00e2tir des consensus<\/em> \u00bb. Il a toutefois pr\u00e9cis\u00e9 qu&rsquo;il ne ferait pas lui-m\u00eame campagne pour la majorit\u00e9 aux l\u00e9gislatives.<\/p>\n\n\n\n<p>Le pr\u00e9sident a \u00e9galement appel\u00e9 \u00e0 \u00ab <em>r\u00e9pondre avec aussi plus de fermet\u00e9 \u00e0 la mont\u00e9e de la violence des mineurs qui mine la coh\u00e9sion nationale avec des mesures l\u00e0 aussi claires et radicales qui sont en train d&rsquo;\u00eatre pr\u00e9par\u00e9es <\/em>\u00bb. Il d\u00e9fend aussi une \u00ab ambition \u00e9cologique et \u00e9conomique \u00bb.<\/p>\n\n\n\n<p>Sur le plan diplomatique, le chef de l&rsquo;\u00c9tat a \u00e9galement accus\u00e9 le RN d&rsquo;entretenir une \u00ab ambigu\u00eft\u00e9 \u00e0 l&rsquo;\u00e9gard de la Russie \u00bb et de vouloir \u00ab la sortie de l&rsquo;Otan \u00bb, reprochant par ailleurs \u00e0 l&rsquo;extr\u00eame gauche de nourrir une \u00ab vision balkanis\u00e9e de notre diplomatie \u00bb.<\/p>\n\n\n\n<p>\u00c0 noter que <strong>Emmanuel Macron<\/strong>, lors de cette premi\u00e8re prise de parole en public, a affirm\u00e9 \u00ab suspendre \u00bb le projet de loi constitutionnelle modifiant le corps \u00e9lectoral de Nouvelle-Cal\u00e9donie \u00e0 l&rsquo;origine des \u00e9meutes dans l&rsquo;archipel fran\u00e7ais du Pacifique Sud.<\/p>\n\n\n\n<p><strong>Mamadouba CAMARA<\/strong><\/p>\n","protected":false},"excerpt":{"rendered":"<p>Ce mercredi \u00e0 Paris, le pr\u00e9sident fran\u00e7ais Emmanuel Macron a donn\u00e9 une conf\u00e9rence de presse expliquer sa d\u00e9cision surprise de dissoudre l&rsquo;Assembl\u00e9e nationale au soir d&rsquo;\u00e9lections europ\u00e9ennes catastrophiques. Dans un propos liminaire qu&rsquo;il a tenu avant de r\u00e9pondre aux journalistes, le pr\u00e9sident fran\u00e7ais a rapidement voulu justifier sa d\u00e9cision apr\u00e8s la victoire du Rassemblement national [&hellip;]<\/p>\n","protected":false},"author":123457,"featured_media":6366,"comment_status":"open","ping_status":"open","sticky":false,"template":"","format":"standard","meta":{"_acf_changed":false,"footnotes":""},"categories":[11,30,2],"tags":[],"class_list":["post-6365","post","type-post","status-publish","format-standard","has-post-thumbnail","hentry","category-actualite","category-international","category-politique"],"acf":[],"_links":{"self":[{"href":"https:\/\/lereveil224.info\/index.php\/wp-json\/wp\/v2\/posts\/6365","targetHints":{"allow":["GET"]}}],"collection":[{"href":"https:\/\/lereveil224.info\/index.php\/wp-json\/wp\/v2\/posts"}],"about":[{"href":"https:\/\/lereveil224.info\/index.php\/wp-json\/wp\/v2\/types\/post"}],"author":[{"embeddable":true,"href":"https:\/\/lereveil224.info\/index.php\/wp-json\/wp\/v2\/users\/123457"}],"replies":[{"embeddable":true,"href":"https:\/\/lereveil224.info\/index.php\/wp-json\/wp\/v2\/comments?post=6365"}],"version-history":[{"count":1,"href":"https:\/\/lereveil224.info\/index.php\/wp-json\/wp\/v2\/posts\/6365\/revisions"}],"predecessor-version":[{"id":6367,"href":"https:\/\/lereveil224.info\/index.php\/wp-json\/wp\/v2\/posts\/6365\/revisions\/6367"}],"wp:featuredmedia":[{"embeddable":true,"href":"https:\/\/lereveil224.info\/index.php\/wp-json\/wp\/v2\/media\/6366"}],"wp:attachment":[{"href":"https:\/\/lereveil224.info\/index.php\/wp-json\/wp\/v2\/media?parent=6365"}],"wp:term":[{"taxonomy":"category","embeddable":true,"href":"https:\/\/lereveil224.info\/index.php\/wp-json\/wp\/v2\/categories?post=6365"},{"taxonomy":"post_tag","embeddable":true,"href":"https:\/\/lereveil224.info\/index.php\/wp-json\/wp\/v2\/tags?post=6365"}],"curies":[{"name":"wp","href":"https:\/\/api.w.org\/{rel}","templated":true}]}}