{"id":6351,"date":"2024-06-12T14:21:44","date_gmt":"2024-06-12T14:21:44","guid":{"rendered":"https:\/\/lereveil224.info\/?p=6351"},"modified":"2024-06-12T15:15:07","modified_gmt":"2024-06-12T15:15:07","slug":"nzerekore-lancement-de-latelier-de-validation-du-document-du-projet","status":"publish","type":"post","link":"https:\/\/lereveil224.info\/index.php\/2024\/06\/12\/nzerekore-lancement-de-latelier-de-validation-du-document-du-projet\/","title":{"rendered":"N&rsquo;Z\u00e9r\u00e9kor\u00e9 : lancement de l&rsquo;Atelier de validation du document du projet"},"content":{"rendered":"\t\t<div data-elementor-type=\"wp-post\" data-elementor-id=\"6351\" class=\"elementor elementor-6351\">\n\t\t\t\t\t\t<section class=\"elementor-section elementor-top-section elementor-element elementor-element-7f0dcb21 elementor-section-boxed elementor-section-height-default elementor-section-height-default\" data-id=\"7f0dcb21\" data-element_type=\"section\" data-e-type=\"section\">\n\t\t\t\t\t\t<div class=\"elementor-container elementor-column-gap-default\">\n\t\t\t\t\t<div class=\"elementor-column elementor-col-100 elementor-top-column elementor-element elementor-element-7a8837d\" data-id=\"7a8837d\" data-element_type=\"column\" data-e-type=\"column\">\n\t\t\t<div class=\"elementor-widget-wrap elementor-element-populated\">\n\t\t\t\t\t\t<div class=\"elementor-element elementor-element-ace1c24 elementor-widget elementor-widget-text-editor\" data-id=\"ace1c24\" data-element_type=\"widget\" data-e-type=\"widget\" data-widget_type=\"text-editor.default\">\n\t\t\t\t<div class=\"elementor-widget-container\">\n\t\t\t\t\t\t\t\t\t<p>Ce mercredi 12 juin 2024, un r\u00e9ceptif h\u00f4telier de N&rsquo;Z\u00e9r\u00e9kor\u00e9 a servi de cadre au lancement de l&rsquo;atelier de validation du document du projet en pr\u00e9sence de plusieurs cadres.<\/p>\t\t\t\t\t\t\t\t<\/div>\n\t\t\t\t<\/div>\n\t\t\t\t<div class=\"elementor-element elementor-element-c83dbeb elementor-widget elementor-widget-image\" data-id=\"c83dbeb\" data-element_type=\"widget\" data-e-type=\"widget\" data-widget_type=\"image.default\">\n\t\t\t\t<div class=\"elementor-widget-container\">\n\t\t\t\t\t\t\t\t\t\t\t\t\t\t\t<img fetchpriority=\"high\" decoding=\"async\" width=\"762\" height=\"552\" src=\"https:\/\/lereveil224.info\/wp-content\/uploads\/2024\/06\/IMG-20240612-WA0006_1.jpg\" class=\"attachment-large size-large wp-image-6347\" alt=\"\" srcset=\"https:\/\/lereveil224.info\/wp-content\/uploads\/2024\/06\/IMG-20240612-WA0006_1.jpg 762w, https:\/\/lereveil224.info\/wp-content\/uploads\/2024\/06\/IMG-20240612-WA0006_1-300x217.jpg 300w\" sizes=\"(max-width: 762px) 100vw, 762px\" \/>\t\t\t\t\t\t\t\t\t\t\t\t\t\t\t<\/div>\n\t\t\t\t<\/div>\n\t\t\t\t<div class=\"elementor-element elementor-element-dd09f47 elementor-widget elementor-widget-text-editor\" data-id=\"dd09f47\" data-element_type=\"widget\" data-e-type=\"widget\" data-widget_type=\"text-editor.default\">\n\t\t\t\t<div class=\"elementor-widget-container\">\n\t\t\t\t\t\t\t\t\t<p>Prenant la parole <strong>Monsieur Richard SAGNO<\/strong>, responsable du projet sur les objectifs de l&rsquo;atelier en ces termes &lt;&lt; <em>l&rsquo;objectif de cet atelier est de pr\u00e9senter le document de projet r\u00e9dig\u00e9 par l&rsquo;\u00e9quipe de consultants en vue de recevoir les contributions (commentaires, suggestions) des parties prenantes et de valider la version finale du document de projet \u00e0 soumettre au FEF.<\/em>&gt;&gt;<\/p>\n<p><!-- \/wp:paragraph --><!-- wp:paragraph --><\/p>\n<p>Plus loin il pr\u00e9cise de fa\u00e7on sp\u00e9cifique &lt;&lt; <em>pr\u00e9senter le document de projet aux partie prenantes; faire une revue critique du PRODOC et formuler des suggestions et recommandations pour l&rsquo;enrichir ; Obtenir, par la validation, un consensus sur le contenu du document de projet, en particulier, le cadre des r\u00e9sultats, le plan de travai, et les modalit\u00e9s d&rsquo;ex\u00e9cution ( cadre institutionnel, et r\u00f4le et responsabilit\u00e9 des diff\u00e9rentes parties prenantes). <\/em>&gt;&gt; dira <strong>Monsieur Roger Sagno<\/strong><\/p>\t\t\t\t\t\t\t\t<\/div>\n\t\t\t\t<\/div>\n\t\t\t\t<div class=\"elementor-element elementor-element-732d087 elementor-widget elementor-widget-image\" data-id=\"732d087\" data-element_type=\"widget\" data-e-type=\"widget\" data-widget_type=\"image.default\">\n\t\t\t\t<div class=\"elementor-widget-container\">\n\t\t\t\t\t\t\t\t\t\t\t\t\t\t\t<img decoding=\"async\" width=\"762\" height=\"485\" src=\"https:\/\/lereveil224.info\/wp-content\/uploads\/2024\/06\/IMG-20240612-WA0007_1.jpg\" class=\"attachment-large size-large wp-image-6348\" alt=\"\" srcset=\"https:\/\/lereveil224.info\/wp-content\/uploads\/2024\/06\/IMG-20240612-WA0007_1.jpg 762w, https:\/\/lereveil224.info\/wp-content\/uploads\/2024\/06\/IMG-20240612-WA0007_1-300x191.jpg 300w\" sizes=\"(max-width: 762px) 100vw, 762px\" \/>\t\t\t\t\t\t\t\t\t\t\t\t\t\t\t<\/div>\n\t\t\t\t<\/div>\n\t\t\t\t<div class=\"elementor-element elementor-element-df8d465 elementor-widget elementor-widget-text-editor\" data-id=\"df8d465\" data-element_type=\"widget\" data-e-type=\"widget\" data-widget_type=\"text-editor.default\">\n\t\t\t\t<div class=\"elementor-widget-container\">\n\t\t\t\t\t\t\t\t\t<p><strong>Prenant la parole,\u00a0Elhadj Tidiane SOUMAH<\/strong>, Directeur de cabinet du gouvernorat de la r\u00e9gion administrative de N&rsquo;Z\u00e9r\u00e9kor\u00e9 dit &lt;&lt;<em>Cet atelier de validation est une \u00e9tape cruciale pour assurer que le document de projet que vous allez examiner refl\u00e8te fid\u00e8lement les r\u00e9alit\u00e9s et les priorit\u00e9s du terrain. C&rsquo;est dans cette dynamique qu&rsquo;il encourage aux uns et aux autres \u00e0 participer activement aux discussions, \u00e0 partager leurs connaissances et exp\u00e9riences, et \u00e0 formuler des recommandations constructives.Je voudrais \u00e0 cet effet exprimer ma gratitude aux partenaires techniques et financiers, dont notamment l&rsquo;Union Internationale de la Conservation de la Nature (UICN) aussi \u00e0 conservation Internationale et au FEM pour leur engagement continu envers la pr\u00e9servation de notre environnement. De m\u00eame je remercie chaleureusement le Minist\u00e8re de l&rsquo;environnement et du d\u00e9veloppement durable (MEDD) pour sa collaboration et son leadership dans ce projet essentiel et les autres initiatives dans notre r\u00e9gion. Je suis convaincu qu&rsquo;avec l&rsquo;implication de tous, nous pourrons renforcer nos efforts pour restaurer et conserver le mont Nimba et la for\u00eat Ziama en garantissant un d\u00e9veloppement durable pour les g\u00e9n\u00e9rations actuelles et futures.<\/em>&gt;&gt;<\/p>\t\t\t\t\t\t\t\t<\/div>\n\t\t\t\t<\/div>\n\t\t\t\t<div class=\"elementor-element elementor-element-23ecc7f3 elementor-widget__width-initial elementor-widget elementor-widget-text-editor\" data-id=\"23ecc7f3\" data-element_type=\"widget\" data-e-type=\"widget\" data-widget_type=\"text-editor.default\">\n\t\t\t\t<div class=\"elementor-widget-container\">\n\t\t\t\t\t\t\t\t\t<p><!-- wp:paragraph --><!-- \/wp:paragraph --><!-- wp:image {\"id\":6347,\"sizeSlug\":\"full\",\"linkDestination\":\"none\"} --><!-- \/wp:image --><!-- wp:paragraph --><\/p>\n<figure>\n<figure><br \/><br \/><\/figure>\n<\/figure>\n<p><!-- \/wp:paragraph --><!-- wp:gallery {\"linkTo\":\"none\"} --><\/p>\n<figure><!-- wp:image {\"id\":6349,\"sizeSlug\":\"full\",\"linkDestination\":\"none\",\"className\":\"is-style-default\"} -->\n<p>\u00a0<\/p>\n<figure><img decoding=\"async\" src=\"https:\/\/lereveil224.info\/wp-content\/uploads\/2024\/06\/IMG-20240612-WA0008_1.jpg\" alt=\"\" \/><\/figure>\n<p><!-- \/wp:image --><!-- wp:image {\"id\":6349,\"sizeSlug\":\"large\",\"linkDestination\":\"none\"} --><\/p>\n<figure>Quant au repr\u00e9sentant de Madame la Ministre et du D\u00e9veloppement Durable, <strong>Monsieur Seydou Barry SIDIBE<\/strong>, s&rsquo;est exprim\u00e9 en ces termes &lt;&lt;<em>Malgr\u00e9 de nombreux programmes\/projets et activit\u00e9s qui ont \u00e9t\u00e9 r\u00e9alis\u00e9s dans le domaine de la pr\u00e9servation de l&rsquo;environnement de la protection des ressources naturelles et de la conservation de la riche diversit\u00e9 biologique des r\u00e9serves de biosph\u00e8re des monts Nimba et Ziama en R\u00e9publique de Guin\u00e9e et couronn\u00e9s de succ\u00e8s, cependant il existe encore des lacunes et des d\u00e9fis \u00e0 relever notamment le braconnage, la d\u00e9forestation, l&#8217;empi\u00e8tement d\u00fb aux activit\u00e9s agricoles non durables, la diss\u00e9mination des esp\u00e8ces de plantes envahissantes comme chromoleina odorata et la pollution (l&rsquo;utilisation anarchique des produits chimiques tels que les pesticides, herbicides et engrais chimiques). Tous ces facteurs sont exacerb\u00e9s par un manque \u00e0 gagner et qui n&rsquo;est rien d&rsquo;autre que l&rsquo;absence d&rsquo;une planification int\u00e9gr\u00e9e de l&rsquo;utilisation des terres, la faiblesse de la coordination, de la collaboration et des capacit\u00e9s intellectuelles et professionnels, le non respect de la l\u00e9gislation et la faible participation de la communaut\u00e9 \u00e0 la gouvernance, \u00e0 la gestion rationnelle des aires prot\u00e9g\u00e9es et de la mise en \u0153uvre des mesures de conservation d&rsquo;autres zones importantes pour la conservation.Le but de ce projet n&rsquo;est rien d&rsquo;autre que la ma\u00eetrise des avantages environnementaux mondiaux et la contribution \u00e0 la sant\u00e9 de la plan\u00e8te et au flux des services \u00e9cosyst\u00e9miques vitaux qui sous-tendent le bien \u00eatre de l&rsquo;Homme.<\/em>&gt; Conclura t-il avant de proc\u00e9der \u00e0 l&rsquo;ouverture solennel du l&rsquo;atelier.<\/figure>\n<\/figure>\n<p><!-- \/wp:paragraph --><!-- wp:paragraph --><\/p>\n<p>A noter que cet atelier qui durera 2 jours, regroupe 45 participants venant de Conakry, Cameroun, Lola Macenta, N&rsquo;Z\u00e9r\u00e9kor\u00e9 \u00e9voluant dans le domaine de l&rsquo;environnement.<\/p>\n<p><!-- \/wp:paragraph --><!-- wp:paragraph --><\/p>\n<p><strong>C\u00e9 Wilson MAOMY<\/strong><\/p>\n<p><!-- \/wp:paragraph --><\/p>\t\t\t\t\t\t\t\t<\/div>\n\t\t\t\t<\/div>\n\t\t\t\t\t<\/div>\n\t\t<\/div>\n\t\t\t\t\t<\/div>\n\t\t<\/section>\n\t\t\t\t<\/div>\n\t\t","protected":false},"excerpt":{"rendered":"<p>Ce mercredi 12 juin 2024, un r\u00e9ceptif h\u00f4telier de N&rsquo;Z\u00e9r\u00e9kor\u00e9 a servi de cadre au lancement de l&rsquo;atelier de validation du document du projet en pr\u00e9sence de plusieurs cadres. Prenant la parole Monsieur Richard SAGNO, responsable du projet sur les objectifs de l&rsquo;atelier en ces termes &lt;&lt; l&rsquo;objectif de cet atelier est de pr\u00e9senter le [&hellip;]<\/p>\n","protected":false},"author":123457,"featured_media":6350,"comment_status":"open","ping_status":"open","sticky":false,"template":"","format":"standard","meta":{"_acf_changed":false,"footnotes":""},"categories":[11,18],"tags":[],"class_list":["post-6351","post","type-post","status-publish","format-standard","has-post-thumbnail","hentry","category-actualite","category-region"],"acf":[],"_links":{"self":[{"href":"https:\/\/lereveil224.info\/index.php\/wp-json\/wp\/v2\/posts\/6351","targetHints":{"allow":["GET"]}}],"collection":[{"href":"https:\/\/lereveil224.info\/index.php\/wp-json\/wp\/v2\/posts"}],"about":[{"href":"https:\/\/lereveil224.info\/index.php\/wp-json\/wp\/v2\/types\/post"}],"author":[{"embeddable":true,"href":"https:\/\/lereveil224.info\/index.php\/wp-json\/wp\/v2\/users\/123457"}],"replies":[{"embeddable":true,"href":"https:\/\/lereveil224.info\/index.php\/wp-json\/wp\/v2\/comments?post=6351"}],"version-history":[{"count":9,"href":"https:\/\/lereveil224.info\/index.php\/wp-json\/wp\/v2\/posts\/6351\/revisions"}],"predecessor-version":[{"id":6363,"href":"https:\/\/lereveil224.info\/index.php\/wp-json\/wp\/v2\/posts\/6351\/revisions\/6363"}],"wp:featuredmedia":[{"embeddable":true,"href":"https:\/\/lereveil224.info\/index.php\/wp-json\/wp\/v2\/media\/6350"}],"wp:attachment":[{"href":"https:\/\/lereveil224.info\/index.php\/wp-json\/wp\/v2\/media?parent=6351"}],"wp:term":[{"taxonomy":"category","embeddable":true,"href":"https:\/\/lereveil224.info\/index.php\/wp-json\/wp\/v2\/categories?post=6351"},{"taxonomy":"post_tag","embeddable":true,"href":"https:\/\/lereveil224.info\/index.php\/wp-json\/wp\/v2\/tags?post=6351"}],"curies":[{"name":"wp","href":"https:\/\/api.w.org\/{rel}","templated":true}]}}