{"id":6340,"date":"2024-06-10T14:35:13","date_gmt":"2024-06-10T14:35:13","guid":{"rendered":"https:\/\/lereveil224.info\/?p=6340"},"modified":"2024-06-10T14:35:14","modified_gmt":"2024-06-10T14:35:14","slug":"elections-europeennes-la-poussee-a-droite-dapres-les-sondages-sest-confirmee-au-detriment-des-centristes-liberaux-en-net-recul-et-des-ecologistes-qui-nont-pas-reussi-a-resister","status":"publish","type":"post","link":"https:\/\/lereveil224.info\/index.php\/2024\/06\/10\/elections-europeennes-la-poussee-a-droite-dapres-les-sondages-sest-confirmee-au-detriment-des-centristes-liberaux-en-net-recul-et-des-ecologistes-qui-nont-pas-reussi-a-resister\/","title":{"rendered":"\u00c9lections europ\u00e9ennes: La pouss\u00e9e \u00e0 droite d&rsquo;apr\u00e8s les sondages s&rsquo;est confirm\u00e9e, au d\u00e9triment des centristes-lib\u00e9raux, en net recul et des \u00e9cologistes, qui n&rsquo;ont pas r\u00e9ussi \u00e0 r\u00e9sister"},"content":{"rendered":"\n<p>C&rsquo;\u00e9tait Dimanche soir \u00e0 23 heures en Italie que les derniers bureaux de vote ont \u00e9t\u00e9 ferm\u00e9. Les r\u00e9sultats des \u00e9lections au Parlement europ\u00e9en sont quasiment d\u00e9finitifs.<\/p>\n\n\n\n<p>Plus que la dissolution de l\u2019Assembl\u00e9e nationale en France, c\u2019est la recomposition du paysage politique au Parlement qui frappe le plus les Europ\u00e9ens. Toutes les tendances de la droite ont progress\u00e9 dans ce nouvel h\u00e9micycle europ\u00e9en. Le nombre de d\u00e9put\u00e9s augmente de 15 si\u00e8ges pour atteindre 720, et profite \u00e0 tous les partis de droite.<\/p>\n\n\n\n<p>Le premier d\u2019entre eux est surtout la droite traditionnelle, le Parti populaire europ\u00e9en (PPE). Ce parti de centre-droit comprend les Polonais de Donald Tusk, les chr\u00e9tiens-d\u00e9mocrates allemands d\u2019Ursula von der Leyen ou encore le PP espagnol et Forza Italia. Il augmente son score de treize si\u00e8ges et reste le premier parti du Parlement, celui qui d\u00e9cidera de la future coalition majoritaire.<\/p>\n\n\n\n<p>Dans les partis plus \u00e0 droite, certains se prennent \u00e0 imaginer pouvoir faire partir de cette coalition, ce qui semble illusoire malgr\u00e9 les bons scores r\u00e9alis\u00e9s par les souverainistes et l\u2019extr\u00eame droite. C\u2019est par exemple le cas du Hongrois Viktor Orban qui r\u00eavait de ce sc\u00e9nario, d\u2019une union de toutes les droites. Mais son parti, le Fidesz, a perdu des plumes lors de ce scrutin.<\/p>\n\n\n\n<p>Il faut indiquer que l&rsquo;autre parti, ce sont les centristes-lib\u00e9raux, qui perdent un cinqui\u00e8me de leurs si\u00e8ges. Mais en additionnant ces trois partis, centre-droit, socialistes et centristes, on d\u00e9passe les 400 d\u00e9put\u00e9s, largement au-del\u00e0 des 360 si\u00e8ges n\u00e9cessaires pour obtenir la majorit\u00e9. Au cas o\u00f9 ces alliances seraient reconduites, le nouveau Parlement conna\u00eetrait malgr\u00e9 tout une certaine stabilit\u00e9.<\/p>\n\n\n\n<p>Mamadouba CAMARA<\/p>\n","protected":false},"excerpt":{"rendered":"<p>C&rsquo;\u00e9tait Dimanche soir \u00e0 23 heures en Italie que les derniers bureaux de vote ont \u00e9t\u00e9 ferm\u00e9. Les r\u00e9sultats des \u00e9lections au Parlement europ\u00e9en sont quasiment d\u00e9finitifs. Plus que la dissolution de l\u2019Assembl\u00e9e nationale en France, c\u2019est la recomposition du paysage politique au Parlement qui frappe le plus les Europ\u00e9ens. Toutes les tendances de la [&hellip;]<\/p>\n","protected":false},"author":123457,"featured_media":6341,"comment_status":"open","ping_status":"open","sticky":false,"template":"","format":"standard","meta":{"_acf_changed":false,"footnotes":""},"categories":[11,30,2],"tags":[],"class_list":["post-6340","post","type-post","status-publish","format-standard","has-post-thumbnail","hentry","category-actualite","category-international","category-politique"],"acf":[],"_links":{"self":[{"href":"https:\/\/lereveil224.info\/index.php\/wp-json\/wp\/v2\/posts\/6340","targetHints":{"allow":["GET"]}}],"collection":[{"href":"https:\/\/lereveil224.info\/index.php\/wp-json\/wp\/v2\/posts"}],"about":[{"href":"https:\/\/lereveil224.info\/index.php\/wp-json\/wp\/v2\/types\/post"}],"author":[{"embeddable":true,"href":"https:\/\/lereveil224.info\/index.php\/wp-json\/wp\/v2\/users\/123457"}],"replies":[{"embeddable":true,"href":"https:\/\/lereveil224.info\/index.php\/wp-json\/wp\/v2\/comments?post=6340"}],"version-history":[{"count":1,"href":"https:\/\/lereveil224.info\/index.php\/wp-json\/wp\/v2\/posts\/6340\/revisions"}],"predecessor-version":[{"id":6342,"href":"https:\/\/lereveil224.info\/index.php\/wp-json\/wp\/v2\/posts\/6340\/revisions\/6342"}],"wp:featuredmedia":[{"embeddable":true,"href":"https:\/\/lereveil224.info\/index.php\/wp-json\/wp\/v2\/media\/6341"}],"wp:attachment":[{"href":"https:\/\/lereveil224.info\/index.php\/wp-json\/wp\/v2\/media?parent=6340"}],"wp:term":[{"taxonomy":"category","embeddable":true,"href":"https:\/\/lereveil224.info\/index.php\/wp-json\/wp\/v2\/categories?post=6340"},{"taxonomy":"post_tag","embeddable":true,"href":"https:\/\/lereveil224.info\/index.php\/wp-json\/wp\/v2\/tags?post=6340"}],"curies":[{"name":"wp","href":"https:\/\/api.w.org\/{rel}","templated":true}]}}