{"id":6262,"date":"2024-05-21T10:19:51","date_gmt":"2024-05-21T10:19:51","guid":{"rendered":"https:\/\/lereveil224.info\/?p=6262"},"modified":"2024-05-21T10:28:42","modified_gmt":"2024-05-21T10:28:42","slug":"nzerekore-le-ministre-du-budget-present-pour-les-journees-du-civisme-fiscal-a-luniversite","status":"publish","type":"post","link":"https:\/\/lereveil224.info\/index.php\/2024\/05\/21\/nzerekore-le-ministre-du-budget-present-pour-les-journees-du-civisme-fiscal-a-luniversite\/","title":{"rendered":"N&rsquo;Z\u00e9r\u00e9kor\u00e9 : Le Ministre du Budget pr\u00e9sent pour les journ\u00e9es du Civisme fiscal \u00e0 l&rsquo;universit\u00e9"},"content":{"rendered":"\n<p>Ce mardi, 21 mai 2024, la salle 3 de <strong>l&rsquo;universit\u00e9 de N&rsquo;Z\u00e9r\u00e9kor\u00e9<\/strong> a servi de cadres \u00e0 la tenue d&rsquo;une importante conf\u00e9rence d\u00e9bat en pr\u00e9sence de Monsieur <strong>Facinet SYLLA, Ministre du Budget.<\/strong><\/p>\n\n\n<div class=\"wp-block-image\">\n<figure class=\"aligncenter size-full\"><img fetchpriority=\"high\" decoding=\"async\" width=\"486\" height=\"484\" src=\"https:\/\/lereveil224.info\/wp-content\/uploads\/2024\/05\/IMG-20240521-WA0003_1.jpg\" alt=\"\" class=\"wp-image-6258\" srcset=\"https:\/\/lereveil224.info\/wp-content\/uploads\/2024\/05\/IMG-20240521-WA0003_1.jpg 486w, https:\/\/lereveil224.info\/wp-content\/uploads\/2024\/05\/IMG-20240521-WA0003_1-300x300.jpg 300w, https:\/\/lereveil224.info\/wp-content\/uploads\/2024\/05\/IMG-20240521-WA0003_1-150x150.jpg 150w\" sizes=\"(max-width: 486px) 100vw, 486px\" \/><\/figure>\n<\/div>\n\n\n<p>Pr\u00e9sent dans la r\u00e9gion depuis samedi, le Ministre du budget en compagnie du <strong>Directeur G\u00e9n\u00e9ral des Imp\u00f4ts Monsieur Mory CAMARA<\/strong>, et plusieurs autres cadres a proc\u00e9d\u00e9 au lancement de la conf\u00e9rence dont la th\u00e9matique est &lt;&lt; <em>les journ\u00e9es sur la promotion du civisme fiscal<\/em>&gt;&gt;.<\/p>\n\n\n\n<figure class=\"wp-block-gallery has-nested-images columns-default is-cropped\"><div class=\"wp-block-image\">\n<figure class=\"aligncenter size-large\"><img decoding=\"async\" width=\"1024\" height=\"461\" data-id=\"6261\" src=\"https:\/\/lereveil224.info\/wp-content\/uploads\/2024\/05\/IMG-20240521-WA0004-1024x461.jpg\" alt=\"\" class=\"wp-image-6261\" srcset=\"https:\/\/lereveil224.info\/wp-content\/uploads\/2024\/05\/IMG-20240521-WA0004-1024x461.jpg 1024w, https:\/\/lereveil224.info\/wp-content\/uploads\/2024\/05\/IMG-20240521-WA0004-300x135.jpg 300w, https:\/\/lereveil224.info\/wp-content\/uploads\/2024\/05\/IMG-20240521-WA0004-768x346.jpg 768w, https:\/\/lereveil224.info\/wp-content\/uploads\/2024\/05\/IMG-20240521-WA0004.jpg 1080w\" sizes=\"(max-width: 1024px) 100vw, 1024px\" \/><\/figure>\n<\/div>\n\n\n<figure class=\"wp-block-image size-large\"><img decoding=\"async\" width=\"1024\" height=\"461\" data-id=\"6261\" src=\"https:\/\/lereveil224.info\/wp-content\/uploads\/2024\/05\/IMG-20240521-WA0004-1024x461.jpg\" alt=\"\" class=\"wp-image-6261\" srcset=\"https:\/\/lereveil224.info\/wp-content\/uploads\/2024\/05\/IMG-20240521-WA0004-1024x461.jpg 1024w, https:\/\/lereveil224.info\/wp-content\/uploads\/2024\/05\/IMG-20240521-WA0004-300x135.jpg 300w, https:\/\/lereveil224.info\/wp-content\/uploads\/2024\/05\/IMG-20240521-WA0004-768x346.jpg 768w, https:\/\/lereveil224.info\/wp-content\/uploads\/2024\/05\/IMG-20240521-WA0004.jpg 1080w\" sizes=\"(max-width: 1024px) 100vw, 1024px\" \/><\/figure>\n<\/figure>\n\n\n\n<p>Madame C\u00e9lestine <strong>Val\u00e9rie HABA et Cheick Ahmed Tidiane DIALLO<\/strong>, ont \u00e0 tour de r\u00f4le d\u00e9fini les diff\u00e9rents aspects li\u00e9s \u00e0 l&rsquo;importance de payer les imp\u00f4ts. Car sans imp\u00f4t aucun d\u00e9veloppement n&rsquo;est possible.<\/p>\n\n\n\n<figure class=\"wp-block-gallery has-nested-images columns-default is-cropped\"><div class=\"wp-block-image\">\n<figure class=\"aligncenter size-large\"><img decoding=\"async\" width=\"1024\" height=\"461\" data-id=\"6260\" src=\"https:\/\/lereveil224.info\/wp-content\/uploads\/2024\/05\/IMG-20240521-WA0005-1024x461.jpg\" alt=\"\" class=\"wp-image-6260\" srcset=\"https:\/\/lereveil224.info\/wp-content\/uploads\/2024\/05\/IMG-20240521-WA0005-1024x461.jpg 1024w, https:\/\/lereveil224.info\/wp-content\/uploads\/2024\/05\/IMG-20240521-WA0005-300x135.jpg 300w, https:\/\/lereveil224.info\/wp-content\/uploads\/2024\/05\/IMG-20240521-WA0005-768x346.jpg 768w, https:\/\/lereveil224.info\/wp-content\/uploads\/2024\/05\/IMG-20240521-WA0005.jpg 1080w\" sizes=\"(max-width: 1024px) 100vw, 1024px\" \/><\/figure>\n<\/div>\n\n<div class=\"wp-block-image\">\n<figure class=\"aligncenter size-large\"><img decoding=\"async\" width=\"1024\" height=\"461\" data-id=\"6260\" src=\"https:\/\/lereveil224.info\/wp-content\/uploads\/2024\/05\/IMG-20240521-WA0005-1024x461.jpg\" alt=\"\" class=\"wp-image-6260\" srcset=\"https:\/\/lereveil224.info\/wp-content\/uploads\/2024\/05\/IMG-20240521-WA0005-1024x461.jpg 1024w, https:\/\/lereveil224.info\/wp-content\/uploads\/2024\/05\/IMG-20240521-WA0005-300x135.jpg 300w, https:\/\/lereveil224.info\/wp-content\/uploads\/2024\/05\/IMG-20240521-WA0005-768x346.jpg 768w, https:\/\/lereveil224.info\/wp-content\/uploads\/2024\/05\/IMG-20240521-WA0005.jpg 1080w\" sizes=\"(max-width: 1024px) 100vw, 1024px\" \/><\/figure>\n<\/div><\/figure>\n\n\n\n<p><strong>Nous y reviendrons<\/strong><\/p>\n","protected":false},"excerpt":{"rendered":"<p>Ce mardi, 21 mai 2024, la salle 3 de l&rsquo;universit\u00e9 de N&rsquo;Z\u00e9r\u00e9kor\u00e9 a servi de cadres \u00e0 la tenue d&rsquo;une importante conf\u00e9rence d\u00e9bat en pr\u00e9sence de Monsieur Facinet SYLLA, Ministre du Budget. Pr\u00e9sent dans la r\u00e9gion depuis samedi, le Ministre du budget en compagnie du Directeur G\u00e9n\u00e9ral des Imp\u00f4ts Monsieur Mory CAMARA, et plusieurs autres [&hellip;]<\/p>\n","protected":false},"author":123457,"featured_media":6259,"comment_status":"open","ping_status":"open","sticky":false,"template":"","format":"standard","meta":{"_acf_changed":false,"footnotes":""},"categories":[11,18,10],"tags":[],"class_list":["post-6262","post","type-post","status-publish","format-standard","has-post-thumbnail","hentry","category-actualite","category-region","category-societe"],"acf":[],"_links":{"self":[{"href":"https:\/\/lereveil224.info\/index.php\/wp-json\/wp\/v2\/posts\/6262","targetHints":{"allow":["GET"]}}],"collection":[{"href":"https:\/\/lereveil224.info\/index.php\/wp-json\/wp\/v2\/posts"}],"about":[{"href":"https:\/\/lereveil224.info\/index.php\/wp-json\/wp\/v2\/types\/post"}],"author":[{"embeddable":true,"href":"https:\/\/lereveil224.info\/index.php\/wp-json\/wp\/v2\/users\/123457"}],"replies":[{"embeddable":true,"href":"https:\/\/lereveil224.info\/index.php\/wp-json\/wp\/v2\/comments?post=6262"}],"version-history":[{"count":7,"href":"https:\/\/lereveil224.info\/index.php\/wp-json\/wp\/v2\/posts\/6262\/revisions"}],"predecessor-version":[{"id":6270,"href":"https:\/\/lereveil224.info\/index.php\/wp-json\/wp\/v2\/posts\/6262\/revisions\/6270"}],"wp:featuredmedia":[{"embeddable":true,"href":"https:\/\/lereveil224.info\/index.php\/wp-json\/wp\/v2\/media\/6259"}],"wp:attachment":[{"href":"https:\/\/lereveil224.info\/index.php\/wp-json\/wp\/v2\/media?parent=6262"}],"wp:term":[{"taxonomy":"category","embeddable":true,"href":"https:\/\/lereveil224.info\/index.php\/wp-json\/wp\/v2\/categories?post=6262"},{"taxonomy":"post_tag","embeddable":true,"href":"https:\/\/lereveil224.info\/index.php\/wp-json\/wp\/v2\/tags?post=6262"}],"curies":[{"name":"wp","href":"https:\/\/api.w.org\/{rel}","templated":true}]}}