{"id":6254,"date":"2024-05-20T23:06:11","date_gmt":"2024-05-20T23:06:11","guid":{"rendered":"https:\/\/lereveil224.info\/?p=6254"},"modified":"2024-05-20T23:13:20","modified_gmt":"2024-05-20T23:13:20","slug":"guinee-le-retour-a-lordre-constitutionnel-tel-quil-a-ete-annonce-ne-concretisera-pas","status":"publish","type":"post","link":"https:\/\/lereveil224.info\/index.php\/2024\/05\/20\/guinee-le-retour-a-lordre-constitutionnel-tel-quil-a-ete-annonce-ne-concretisera-pas\/","title":{"rendered":"Guin\u00e9e : Le retour \u00e0 l&rsquo;ordre constitutionnel tel qu&rsquo;il a \u00e9t\u00e9 annonc\u00e9 ne se concr\u00e9tisera pas."},"content":{"rendered":"\n<p>Dans un entretien exclusif accord\u00e9 \u00e0 <strong>TV5<\/strong> ce lundi, le Premier Ministre <strong>Amadou<\/strong> <strong>Oury BAH<\/strong> a jet\u00e9 un pav\u00e9 dans la mare en d\u00e9clarant que le retour \u00e0 l\u2019ordre constitutionnel, tel qu\u2019il a \u00e9t\u00e9 pr\u00e9c\u00e9demment annonc\u00e9, ne se concr\u00e9tisera pas. Cette annonce a suscit\u00e9 des r\u00e9actions vives au sein de la classe politique et de la soci\u00e9t\u00e9 civile guin\u00e9enne, qui s\u2019opposent fermement \u00e0 tout retard dans le processus de transition vers un r\u00e9gime civil.<\/p>\n\n\n\n<p>Le Premier Ministre, <strong>Amadou Oury BAH<\/strong>, a justifi\u00e9 cette position en soulignant que le calendrier initial, fixant la fin de la transition pour la fin de l\u2019ann\u00e9e en cours, ne serait pas respect\u00e9. Il a sp\u00e9cifi\u00e9 que l\u2019\u00e9ch\u00e9ance pr\u00e9vue serait plut\u00f4t consacr\u00e9e \u00e0 l\u2019organisation d\u2019un r\u00e9f\u00e9rendum constitutionnel. Cette d\u00e9claration a \u00e9t\u00e9 per\u00e7ue comme un revirement de situation, alimentant ainsi les tensions d\u00e9j\u00e0 palpables dans le pays.<\/p>\n\n\n\n<p><strong>BAH Oury<\/strong> reste inflexible quant \u00e0 la r\u00e9alisation du calendrier, malgr\u00e9 les critiques. Il a assum\u00e9 le retard pris dans l\u2019ex\u00e9cution des 10 points de la transition, attribuant cet \u00e9cart \u00e0 des circonstances ind\u00e9pendantes de leur volont\u00e9. Il a toutefois affirm\u00e9 que des mesures seraient prises pour acc\u00e9l\u00e9rer le processus et garantir un retour rapide \u00e0 l\u2019ordre constitutionnel : \u00ab <em>Le calendrier pour le retour \u00e0 l\u2019ordre constitutionnel, tel qu\u2019il a \u00e9t\u00e9 d\u00e9fini, ne le sera pas. Parce que, initialement, il \u00e9tait pr\u00e9vu la fin de la transition \u00e0 la fin de cette ann\u00e9e. Mais \u00e0 la fin de cette ann\u00e9e, ce qui pourrait \u00eatre organis\u00e9, ce sera le r\u00e9f\u00e9rendum constitutionnel.<\/em> \u00bb<\/p>\n\n\n\n<p>Interrog\u00e9 sur la date des prochaines \u00e9lections, <strong>BAH Oury<\/strong> est rest\u00e9 \u00e9vasif, soulignant l\u2019importance de finaliser le fichier \u00e9lectoral consolid\u00e9 et d\u2019organiser le r\u00e9f\u00e9rendum constitutionnel avant de fixer une nouvelle \u00e9ch\u00e9ance \u00e9lectorale. Cette r\u00e9ponse prudente n\u2019a pas dissip\u00e9 les doutes quant \u00e0 la tenue d\u2019\u00e9lections dans un avenir proche : \u00ab <em>Il y avait un accord entre la Guin\u00e9e et la CEDEAO par rapport \u00e0 un agenda pour la r\u00e9alisation des 10 points du chronogramme. Il y a eu un retard et nous assumons ce retard-l\u00e0. Nous sommes en train de nous activer, comme le pr\u00e9sident DOUMBOUYA l\u2019a d\u00e9clar\u00e9 le 31 d\u00e9cembre dernier, \u00e0 ce que le r\u00e9f\u00e9rendum constitutionnel puisse se tenir \u00e0 la fin de cette ann\u00e9e. Et nous ne pouvons pas nous permettre de jouer avec l\u2019int\u00e9r\u00eat du pays, la stabilit\u00e9 du pays et, par cons\u00e9quent, la paix. Nous allons mettre tout en \u0153uvre pour le retour \u00e0 l\u2019ordre constitutionnel, dans le sens o\u00f9 par la suite la Guin\u00e9e pourra faire un bond en avant spectaculaire gr\u00e2ce \u00e0 ces ressources, gr\u00e2ce aux travaux qui permettront d\u2019avoir une \u00e9conomie forte, r\u00e9siliente et qui sera un p\u00f4le de d\u00e9veloppement dans cette partie de l\u2019Afrique de l\u2019Ouest <\/em>\u00bb, a-t-il conclu.<\/p>\n\n\n\n<p><strong>Mamadouba CAMARA<\/strong><\/p>\n","protected":false},"excerpt":{"rendered":"<p>Dans un entretien exclusif accord\u00e9 \u00e0 TV5 ce lundi, le Premier Ministre Amadou Oury BAH a jet\u00e9 un pav\u00e9 dans la mare en d\u00e9clarant que le retour \u00e0 l\u2019ordre constitutionnel, tel qu\u2019il a \u00e9t\u00e9 pr\u00e9c\u00e9demment annonc\u00e9, ne se concr\u00e9tisera pas. Cette annonce a suscit\u00e9 des r\u00e9actions vives au sein de la classe politique et de [&hellip;]<\/p>\n","protected":false},"author":123457,"featured_media":6255,"comment_status":"open","ping_status":"open","sticky":false,"template":"","format":"standard","meta":{"_acf_changed":false,"footnotes":""},"categories":[11,2],"tags":[],"class_list":["post-6254","post","type-post","status-publish","format-standard","has-post-thumbnail","hentry","category-actualite","category-politique"],"acf":[],"_links":{"self":[{"href":"https:\/\/lereveil224.info\/index.php\/wp-json\/wp\/v2\/posts\/6254","targetHints":{"allow":["GET"]}}],"collection":[{"href":"https:\/\/lereveil224.info\/index.php\/wp-json\/wp\/v2\/posts"}],"about":[{"href":"https:\/\/lereveil224.info\/index.php\/wp-json\/wp\/v2\/types\/post"}],"author":[{"embeddable":true,"href":"https:\/\/lereveil224.info\/index.php\/wp-json\/wp\/v2\/users\/123457"}],"replies":[{"embeddable":true,"href":"https:\/\/lereveil224.info\/index.php\/wp-json\/wp\/v2\/comments?post=6254"}],"version-history":[{"count":2,"href":"https:\/\/lereveil224.info\/index.php\/wp-json\/wp\/v2\/posts\/6254\/revisions"}],"predecessor-version":[{"id":6257,"href":"https:\/\/lereveil224.info\/index.php\/wp-json\/wp\/v2\/posts\/6254\/revisions\/6257"}],"wp:featuredmedia":[{"embeddable":true,"href":"https:\/\/lereveil224.info\/index.php\/wp-json\/wp\/v2\/media\/6255"}],"wp:attachment":[{"href":"https:\/\/lereveil224.info\/index.php\/wp-json\/wp\/v2\/media?parent=6254"}],"wp:term":[{"taxonomy":"category","embeddable":true,"href":"https:\/\/lereveil224.info\/index.php\/wp-json\/wp\/v2\/categories?post=6254"},{"taxonomy":"post_tag","embeddable":true,"href":"https:\/\/lereveil224.info\/index.php\/wp-json\/wp\/v2\/tags?post=6254"}],"curies":[{"name":"wp","href":"https:\/\/api.w.org\/{rel}","templated":true}]}}