{"id":6208,"date":"2024-05-11T15:40:22","date_gmt":"2024-05-11T15:40:22","guid":{"rendered":"https:\/\/lereveil224.info\/?p=6208"},"modified":"2024-05-11T15:40:23","modified_gmt":"2024-05-11T15:40:23","slug":"psg-kilyan-mbappe-apres-7-ans-de-succes-annonce-son-depart","status":"publish","type":"post","link":"https:\/\/lereveil224.info\/index.php\/2024\/05\/11\/psg-kilyan-mbappe-apres-7-ans-de-succes-annonce-son-depart\/","title":{"rendered":"PSG : Kilyan MBAPPE apr\u00e8s 7 ans de succ\u00e8s annonce son d\u00e9part"},"content":{"rendered":"\n<p>Le mardi dernier apr\u00e8s son match contre le Borussia Dortmund en Ligue des champions, l\u2019international fran\u00e7ais <strong>Kylian Mbapp\u00e9<\/strong> a accord\u00e9 une interview \u00e0 une cha\u00eene Sportive \u00ab <em>Bein Sports France<\/em> \u00bb. Dans cet entretien, le num\u00e9ro 07 du Paris Saint-Germain a annonc\u00e9 qu\u2019il ne prolongera plus son contrat.<\/p>\n\n\n\n<p>Apr\u00e8s 07 ans de succ\u00e8s, de joie avec les Parisiens, Kylian Mbapp\u00e9, l\u2019international Fran\u00e7ais, arrive au terme de son contrat au PSG. Apr\u00e8s avoir renouvel\u00e9 celui-ci \u00e0 plusieurs reprises, cette fois-ci, la d\u00e9cision ferme est prise par le concern\u00e9 lui-m\u00eame. Il a fait cette d\u00e9claration \u00e0 l\u2019occasion d\u2019une interview qu\u2019il a accord\u00e9e \u00e0 Bein Sports France.<\/p>\n\n\n\n<p>\u00ab <em>Depuis le temps, j\u2019avais dit que j\u2019allais m\u2019adresser \u00e0 vous quand le moment serait venu. Et donc, je voulais vous annoncer que c\u2019est ma derni\u00e8re ann\u00e9e au PSG. Je ne vais pas prolonger. Mon dernier match au parc de Prince, c\u2019est le dimanche. C\u2019est avec beaucoup d\u2019\u00e9motion, beaucoup d\u2019ann\u00e9e o\u00f9 j\u2019ai eu la chance et l\u2019immense honneur de faire partie du grand club de la France. L\u2019un des meilleurs du monde, qui m\u2019a permis d\u2019arriver ici, de conna\u00eetre ma premi\u00e8re exp\u00e9rience dans un club avec beaucoup de pression, de grandir bien s\u00fbr comme joueur en c\u00f4toyant certains qui \u00e9taient meilleurs dans l\u2019histoire, de pas mal de gens, des grands champions, mais aussi de grandir en tant qu\u2019homme<\/em> \u00bb, a d\u00e9clar\u00e9 Kylian Mbapp\u00e9 dans cette interview<\/p>\n\n\n\n<p>L&rsquo;attaquant de PSV ajout\u00e9 par la suite : \u00ab <em>Je voudrais d\u2019abord remercier l\u2019ensemble de mes co\u00e9quipiers, l\u2019ensemble des entra\u00eeneurs, Thomas Tuchel, Mauricio Pochettino, Christophe Galtier, Luis Enrique et autres. Des directeurs sportifs, Leonardo et Luis Campos de m\u2019avoir du tout accompagn\u00e9. \u00c0 l\u2019ensemble du club, ceux que les gens voient et ceux que l\u2019on ne voit pas. Tous les gens dans les bureaux, campus et tout le monde, parce qu\u2019il y a des personnes qui sont formidables et qui donnent tout au club, elles m\u00e9ritent d\u2019avoir cette reconnaissance, malgr\u00e9 tous ces nuages m\u00e9diatiques qui entourent le club. Je sais qu\u2019avec toutes ces personnes, le club est entre les bonne-mains. <\/em>\u00bb , remercie-t-il<\/p>\n\n\n\n<p>Par ailleurs, le joueur indique que le club restera toujours de sa m\u00e9moire. Il a aussi soulign\u00e9 le climat qui a caract\u00e9ris\u00e9 son passage au PSG, il restera fid\u00e8le et suivra toutes ses rencontres. Il pense que cette d\u00e9cision qu\u2019il a prise est importante pour sa vie, mais \u00e9galement pour sa carri\u00e8re footballistique, c&rsquo;est pourquoi il conclut en ces termes : \u00ab <em>Difficile, je ne pensais pas que j\u2019allais quitter mon pays, la France, le championnat que j\u2019ai toujours connu, mais je pense que j\u2019avais besoin de \u00e7a, un nouveau challenge apr\u00e8s cette ann\u00e9e. C\u2019est difficile et bien s\u00fbr, il y a des gens que je voudrais remercier, ce sont des supporters. Je sais que je ne suis pas le joueur le plus d\u00e9monstratif pour \u00eatre \u00e0 la hauteur de tout cet amour que vous avez port\u00e9 pour moi durant ces ann\u00e9es. Mais je n\u2019ai jamais voulu tricher, j\u2019ai voulu \u00eatre performant. Le PSG est un club qui laisse des personnes indiff\u00e9rentes. On peut aimer, on peut d\u00e9tester, mais moi, je l\u2019ai aim\u00e9 pendant 07 ans, avec des hauts et des bas. Mais \u00e0 aucun moment, je regrette d\u2019avoir sign\u00e9 dans ce club. C\u2019est un club que je vais garder dans toute ma vie. Je dirai \u00e0 tout que j\u2019ai eu la chance de jouer dans ce club. Je vais continuer \u00e0 regarder tous ses matchs parce que c\u2019est un club qui va toujours m\u2019int\u00e9resser.<\/em> \u00bb<\/p>\n\n\n\n<p><strong>Mamadouba CAMARA<\/strong><\/p>\n","protected":false},"excerpt":{"rendered":"<p>Le mardi dernier apr\u00e8s son match contre le Borussia Dortmund en Ligue des champions, l\u2019international fran\u00e7ais Kylian Mbapp\u00e9 a accord\u00e9 une interview \u00e0 une cha\u00eene Sportive \u00ab Bein Sports France \u00bb. Dans cet entretien, le num\u00e9ro 07 du Paris Saint-Germain a annonc\u00e9 qu\u2019il ne prolongera plus son contrat. Apr\u00e8s 07 ans de succ\u00e8s, de joie [&hellip;]<\/p>\n","protected":false},"author":123457,"featured_media":6209,"comment_status":"open","ping_status":"open","sticky":false,"template":"","format":"standard","meta":{"_acf_changed":false,"footnotes":""},"categories":[11,9],"tags":[],"class_list":["post-6208","post","type-post","status-publish","format-standard","has-post-thumbnail","hentry","category-actualite","category-sport"],"acf":[],"_links":{"self":[{"href":"https:\/\/lereveil224.info\/index.php\/wp-json\/wp\/v2\/posts\/6208","targetHints":{"allow":["GET"]}}],"collection":[{"href":"https:\/\/lereveil224.info\/index.php\/wp-json\/wp\/v2\/posts"}],"about":[{"href":"https:\/\/lereveil224.info\/index.php\/wp-json\/wp\/v2\/types\/post"}],"author":[{"embeddable":true,"href":"https:\/\/lereveil224.info\/index.php\/wp-json\/wp\/v2\/users\/123457"}],"replies":[{"embeddable":true,"href":"https:\/\/lereveil224.info\/index.php\/wp-json\/wp\/v2\/comments?post=6208"}],"version-history":[{"count":1,"href":"https:\/\/lereveil224.info\/index.php\/wp-json\/wp\/v2\/posts\/6208\/revisions"}],"predecessor-version":[{"id":6210,"href":"https:\/\/lereveil224.info\/index.php\/wp-json\/wp\/v2\/posts\/6208\/revisions\/6210"}],"wp:featuredmedia":[{"embeddable":true,"href":"https:\/\/lereveil224.info\/index.php\/wp-json\/wp\/v2\/media\/6209"}],"wp:attachment":[{"href":"https:\/\/lereveil224.info\/index.php\/wp-json\/wp\/v2\/media?parent=6208"}],"wp:term":[{"taxonomy":"category","embeddable":true,"href":"https:\/\/lereveil224.info\/index.php\/wp-json\/wp\/v2\/categories?post=6208"},{"taxonomy":"post_tag","embeddable":true,"href":"https:\/\/lereveil224.info\/index.php\/wp-json\/wp\/v2\/tags?post=6208"}],"curies":[{"name":"wp","href":"https:\/\/api.w.org\/{rel}","templated":true}]}}