{"id":6201,"date":"2024-05-10T17:15:06","date_gmt":"2024-05-10T17:15:06","guid":{"rendered":"https:\/\/lereveil224.info\/?p=6201"},"modified":"2024-05-10T17:15:07","modified_gmt":"2024-05-10T17:15:07","slug":"guinee-le-premier-ministre-bah-oury-devoile-les-intentions-du-gouvernement","status":"publish","type":"post","link":"https:\/\/lereveil224.info\/index.php\/2024\/05\/10\/guinee-le-premier-ministre-bah-oury-devoile-les-intentions-du-gouvernement\/","title":{"rendered":"Guin\u00e9e : Le Premier Ministre BAH Oury d\u00e9voile les intentions du Gouvernement"},"content":{"rendered":"\n<p>Pendant une conf\u00e9rence de presse tenue ce vendredi 10 mai 2024, le <strong>Premier ministre, Amadou Oury Bah <\/strong>a r\u00e9pondu aux critiques concernant le retard du processus de retour \u00e0 l\u2019ordre constitutionnel.<\/p>\n\n\n\n<p>Dans sa r\u00e9ponse, le PM, a soulign\u00e9 que les derni\u00e8res transitions et celle actuelle,les contextes sont diff\u00e9rents. Cette fois, dit-il, la particularit\u00e9 se traduit par la n\u00e9cessit\u00e9 de prendre le temps pour poser les bases judicieuses afin de sortir du cercle vicieux.<\/p>\n\n\n\n<p>Devant la presse ce matin, Monsieur le Pr\u00e9sident BAH Oury, a pr\u00e9cis\u00e9 que :<br>\u00ab <em>Nous avons connu des transitions par le pass\u00e9, nous avons tir\u00e9 des le\u00e7ons d\u2019exp\u00e9riences qui, dans une large mesure, se sont av\u00e9r\u00e9es inachev\u00e9es. Parce qu\u2019apr\u00e8s, nous nous sommes retrouv\u00e9s dans les situations encore beaucoup plus calamiteuses que par le pass\u00e9. C\u2019est pour cela que cette transition prend en compte le pass\u00e9 pour faire en sorte qu\u2019on ne fasse pas les m\u00eames erreurs. Ce que nous sommes en train de faire, ce n\u2019est pas simplement une passation de pouvoir, c\u2019est mettre la Guin\u00e9e dans les conditions optimales de pouvoir r\u00e9soudre les probl\u00e8mes qui ont impact\u00e9 le pays depuis l\u2019ind\u00e9pendance\u2026<\/em>\u00bb, a-t-il dit.<\/p>\n\n\n\n<p>Le Premier Ministre poursuit en soulignant : \u00ab <em>Le processus politique est certes important, le dialogue politique, le retour \u00e0 l\u2019ordre constitutionnel sur des bases plus inclusives ont \u00e9t\u00e9 lanc\u00e9s. Mais vous savez qu\u2019en politique, c\u2019est difficile d\u2019avoir tout le monde \u00e0 la fois. Certains ont estim\u00e9 que l\u2019objectif de la transition, c\u2019est simplement organiser des \u00e9lections et puis laisser le fauteuil pour que d\u2019autres viennent s\u2019asseoir. Ceci a \u00e9t\u00e9 fait par le pass\u00e9 et nous avons vu les d\u00e9g\u00e2ts que \u00e7a a co\u00fbt\u00e9 \u00e0 la nation et le retard accumul\u00e9, tout simplement parce qu\u2019on a voulu aller vite, sans consolider les bases pour organiser des \u00e9lections et le r\u00e9sultat. En soi-disant faisant les choses en 18 mois au maximum, on a perdu plus de 15 ann\u00e9es. La Guin\u00e9e puisse faire le bon qualitatif lui permettant de rattraper son retard dans les domaines les plus vari\u00e9s, tant sur le plan \u00e9conomique, social que sur le plan purement humain dans la consolidation de l\u2019unit\u00e9 du pays, dans le retour \u00e0 une confiance entre les Guin\u00e9ens et nos institutions. C\u2019est \u00e7a l\u2019ambition, ce n\u2019est pas simplement cette page, on la lit tr\u00e8s rapidement, on la tourne et on commence, non ! C\u2019est de permettre que cette fois-ci, la Guin\u00e9e actualise les attentes et les aspirations de plusieurs g\u00e9n\u00e9rations de nos compatriotes et cela depuis la g\u00e9n\u00e9ration des ind\u00e9pendances. L\u2019ambition, de ce point de vue, dans les ann\u00e9es \u00e0 venir, c\u2019est d\u2019\u00eatre la locomotive \u00e9conomique de l\u2019Afrique de l\u2019ouest<\/em> \u00bb, a-t-il ajout\u00e9.<\/p>\n\n\n\n<p>Durant tout au long de cette conf\u00e9rence, le Premier Ministre s&rsquo;est beaucoup accentu\u00e9 sur pr\u00e9occupations sociopolitiques du pays, l&rsquo;\u00e9lectricit\u00e9 et surtout des incendies de sources inconnues.<\/p>\n\n\n\n<p><strong>Mamadouba CAMARA<\/strong><\/p>\n","protected":false},"excerpt":{"rendered":"<p>Pendant une conf\u00e9rence de presse tenue ce vendredi 10 mai 2024, le Premier ministre, Amadou Oury Bah a r\u00e9pondu aux critiques concernant le retard du processus de retour \u00e0 l\u2019ordre constitutionnel. Dans sa r\u00e9ponse, le PM, a soulign\u00e9 que les derni\u00e8res transitions et celle actuelle,les contextes sont diff\u00e9rents. Cette fois, dit-il, la particularit\u00e9 se traduit [&hellip;]<\/p>\n","protected":false},"author":123457,"featured_media":6202,"comment_status":"open","ping_status":"open","sticky":false,"template":"","format":"standard","meta":{"_acf_changed":false,"footnotes":""},"categories":[11,2],"tags":[],"class_list":["post-6201","post","type-post","status-publish","format-standard","has-post-thumbnail","hentry","category-actualite","category-politique"],"acf":[],"_links":{"self":[{"href":"https:\/\/lereveil224.info\/index.php\/wp-json\/wp\/v2\/posts\/6201","targetHints":{"allow":["GET"]}}],"collection":[{"href":"https:\/\/lereveil224.info\/index.php\/wp-json\/wp\/v2\/posts"}],"about":[{"href":"https:\/\/lereveil224.info\/index.php\/wp-json\/wp\/v2\/types\/post"}],"author":[{"embeddable":true,"href":"https:\/\/lereveil224.info\/index.php\/wp-json\/wp\/v2\/users\/123457"}],"replies":[{"embeddable":true,"href":"https:\/\/lereveil224.info\/index.php\/wp-json\/wp\/v2\/comments?post=6201"}],"version-history":[{"count":1,"href":"https:\/\/lereveil224.info\/index.php\/wp-json\/wp\/v2\/posts\/6201\/revisions"}],"predecessor-version":[{"id":6203,"href":"https:\/\/lereveil224.info\/index.php\/wp-json\/wp\/v2\/posts\/6201\/revisions\/6203"}],"wp:featuredmedia":[{"embeddable":true,"href":"https:\/\/lereveil224.info\/index.php\/wp-json\/wp\/v2\/media\/6202"}],"wp:attachment":[{"href":"https:\/\/lereveil224.info\/index.php\/wp-json\/wp\/v2\/media?parent=6201"}],"wp:term":[{"taxonomy":"category","embeddable":true,"href":"https:\/\/lereveil224.info\/index.php\/wp-json\/wp\/v2\/categories?post=6201"},{"taxonomy":"post_tag","embeddable":true,"href":"https:\/\/lereveil224.info\/index.php\/wp-json\/wp\/v2\/tags?post=6201"}],"curies":[{"name":"wp","href":"https:\/\/api.w.org\/{rel}","templated":true}]}}