{"id":6192,"date":"2024-05-07T15:22:54","date_gmt":"2024-05-07T15:22:54","guid":{"rendered":"https:\/\/lereveil224.info\/?p=6192"},"modified":"2024-05-07T15:22:55","modified_gmt":"2024-05-07T15:22:55","slug":"ligue-des-champions-les-parisiens-courent-derriere-le-score-face-a-dortmund","status":"publish","type":"post","link":"https:\/\/lereveil224.info\/index.php\/2024\/05\/07\/ligue-des-champions-les-parisiens-courent-derriere-le-score-face-a-dortmund\/","title":{"rendered":"Ligue des Champions : Les parisiens courent derri\u00e8re le score face \u00e0 Dortmund"},"content":{"rendered":"\n<p>L&rsquo;attaquant du <strong>Paris Saint-Germain Kylian Mbapp\u00e9 <\/strong>a affich\u00e9 sa confiance et celle de ses co\u00e9quipiers, avant la demi-finale retour de Ligue des champions, ce <strong>mardi, 7 mai 2024, contre Dortmund o\u00f9 les Parisiens devront courir apr\u00e8s le score.<\/strong><\/p>\n\n\n\n<p>\u00ab\u00a0<em>On est confiant et on est s\u00fbr qu&rsquo;on va remonter ce score et qu&rsquo;on va se qualifier pour la finale<\/em>\u00ab\u00a0, a affirm\u00e9 le buteur de l&rsquo;\u00e9quipe de France devant la presse, en marge d&rsquo;un \u00e9v\u00e8nement de son association \u00ab\u00a0Inspired By KM\u00a0\u00bb avec 2 000 enfants sur les Champs-\u00c9lys\u00e9es \u00e0 Paris.<\/p>\n\n\n\n<p>M\u00eame ton du c\u00f4t\u00e9 de Luis Enrique, convaincu que ses joueurs vont rehausser leur niveau de jeu comme avant le quart de finale retour en Catalogne. D\u00e8s la fin du match contre le Borussia, Luis Enrique l&rsquo;avait promis : \u00ab\u00a0<em>on va aller chercher cette finale\u00a0\u00bb car \u00ab\u00a0on n&rsquo;a plus rien \u00e0 perdre\u00a0\u00bb.<\/em><\/p>\n\n\n\n<p>\u00ab\u00a0<em>\u00c7a a \u00e9t\u00e9 une tr\u00e8s bonne semaine parce qu&rsquo;on a eu beaucoup de temps pour montrer la marge de progression \u00e0 l&rsquo;\u00e9quipe<\/em>\u00ab\u00a0, a d\u00e9clar\u00e9, \u00e0 la veille du match, l&rsquo;entra\u00eeneur parisien en conf\u00e9rence de presse au Campus PSG de Poissy (Yvelines), pr\u00e8s de Paris. \u00ab\u00a0<em>Notre objectif, c&rsquo;est d&rsquo;arriver en finale, on en joue tr\u00e8s peu dans une carri\u00e8re d&rsquo;entra\u00eeneur<\/em>\u00ab\u00a0, a-t-il soulign\u00e9.<\/p>\n\n\n\n<p>Au-del\u00e0 de ces d\u00e9clarations de bonnes intentions, le PSG a des motifs d&rsquo;espoirs tr\u00e8s concrets \u00e0 faire valoir. Sur le papier, le club de la capitale reste sup\u00e9rieur aux Allemands du Borussia. Avec deux poteaux et des actions franches \u00e0 la pelle, les Parisiens ont manqu\u00e9 de r\u00e9ussite au match aller. Une anomalie dans la pluie de buts marqu\u00e9s cette saison.<\/p>\n\n\n\n<p>\u00ab\u00a0<em>On sait qu&rsquo;on peut le faire, on l&rsquo;a d\u00e9j\u00e0 montr\u00e9<\/em>\u00ab\u00a0, a \u00e9galement martel\u00e9 le capitaine Marquinhos. L&rsquo;argument vaut ce qu&rsquo;il vaut mais il est imparable : <strong>si Paris est parvenu \u00e0 renverser la vapeur contre Barcelone, pourquoi les joueurs n&rsquo;y arriveraient-ils pas contre le BVB ? <\/strong>D&rsquo;autant plus, que les Parisiens, qui r\u00e9ussissent tr\u00e8s souvent leurs match \u00e0 domicile, pourront compter sur un Parc des Princes chauff\u00e9 \u00e0 blanc.<\/p>\n\n\n\n<p>Luis Enrique livre les grandes lignes de la mentalit\u00e9 qu&rsquo;il instille au groupe : \u00ab\u00a0<em>Dans la vie tout ne peut pas \u00eatre parfait, il faut se pr\u00e9parer \u00e0 affronter des difficult\u00e9s. Durant toute la saison on a eu des moments plus faibles o\u00f9 on a r\u00e9ussi \u00e0 renverser la tendance. Quand les matches importants arrivent, contr\u00f4ler les \u00e9motions est vital, ne pas se frustrer sur une d\u00e9cision arbitrale, un moment n\u00e9gatif<\/em>\u00ab\u00a0.<\/p>\n\n\n\n<p>Face au Borussia, le sang-froid des co\u00e9quipiers de <strong>Kylian Mbapp\u00e9<\/strong> sera un param\u00e8tre capital. Si l&rsquo;\u00e9cart d&rsquo;un seul petit but a de quoi nourrir les espoirs des Parisiens, la rencontre sera n\u00e9anmoins \u00e2pre et la tension croissante s&rsquo;ils ne parviennent pas \u00e0 ouvrir rapidement le score.<\/p>\n\n\n\n<p><strong>Mamadouba CAMARA<\/strong><\/p>\n","protected":false},"excerpt":{"rendered":"<p>L&rsquo;attaquant du Paris Saint-Germain Kylian Mbapp\u00e9 a affich\u00e9 sa confiance et celle de ses co\u00e9quipiers, avant la demi-finale retour de Ligue des champions, ce mardi, 7 mai 2024, contre Dortmund o\u00f9 les Parisiens devront courir apr\u00e8s le score. \u00ab\u00a0On est confiant et on est s\u00fbr qu&rsquo;on va remonter ce score et qu&rsquo;on va se qualifier [&hellip;]<\/p>\n","protected":false},"author":123457,"featured_media":6193,"comment_status":"open","ping_status":"open","sticky":false,"template":"","format":"standard","meta":{"_acf_changed":false,"footnotes":""},"categories":[11,9],"tags":[],"class_list":["post-6192","post","type-post","status-publish","format-standard","has-post-thumbnail","hentry","category-actualite","category-sport"],"acf":[],"_links":{"self":[{"href":"https:\/\/lereveil224.info\/index.php\/wp-json\/wp\/v2\/posts\/6192","targetHints":{"allow":["GET"]}}],"collection":[{"href":"https:\/\/lereveil224.info\/index.php\/wp-json\/wp\/v2\/posts"}],"about":[{"href":"https:\/\/lereveil224.info\/index.php\/wp-json\/wp\/v2\/types\/post"}],"author":[{"embeddable":true,"href":"https:\/\/lereveil224.info\/index.php\/wp-json\/wp\/v2\/users\/123457"}],"replies":[{"embeddable":true,"href":"https:\/\/lereveil224.info\/index.php\/wp-json\/wp\/v2\/comments?post=6192"}],"version-history":[{"count":1,"href":"https:\/\/lereveil224.info\/index.php\/wp-json\/wp\/v2\/posts\/6192\/revisions"}],"predecessor-version":[{"id":6194,"href":"https:\/\/lereveil224.info\/index.php\/wp-json\/wp\/v2\/posts\/6192\/revisions\/6194"}],"wp:featuredmedia":[{"embeddable":true,"href":"https:\/\/lereveil224.info\/index.php\/wp-json\/wp\/v2\/media\/6193"}],"wp:attachment":[{"href":"https:\/\/lereveil224.info\/index.php\/wp-json\/wp\/v2\/media?parent=6192"}],"wp:term":[{"taxonomy":"category","embeddable":true,"href":"https:\/\/lereveil224.info\/index.php\/wp-json\/wp\/v2\/categories?post=6192"},{"taxonomy":"post_tag","embeddable":true,"href":"https:\/\/lereveil224.info\/index.php\/wp-json\/wp\/v2\/tags?post=6192"}],"curies":[{"name":"wp","href":"https:\/\/api.w.org\/{rel}","templated":true}]}}