{"id":6100,"date":"2024-04-17T01:26:32","date_gmt":"2024-04-17T01:26:32","guid":{"rendered":"https:\/\/lereveil224.info\/?p=6100"},"modified":"2024-04-17T01:26:33","modified_gmt":"2024-04-17T01:26:33","slug":"international-france-le-senegal-evite-les-archives-de-senghor-aux-encheres","status":"publish","type":"post","link":"https:\/\/lereveil224.info\/index.php\/2024\/04\/17\/international-france-le-senegal-evite-les-archives-de-senghor-aux-encheres\/","title":{"rendered":"International-France : Le S\u00e9n\u00e9gal \u00e9vite les archives de SENGHOR aux ench\u00e8res"},"content":{"rendered":"\n<p>Comme convenu, ce 16 avril 2024 a \u00e9t\u00e9 la date choisie pour la vente aux ench\u00e8res de la biblioth\u00e8que de SENGHOR o\u00f9 il s&rsquo;agit de plus de 300. L\u2019\u00c9tat s\u00e9n\u00e9galais a souhait\u00e9 entrer en n\u00e9gociations directe avec les h\u00e9ritiers et donc fait stopper la vente.<\/p>\n\n\n\n<p>Ce sont pr\u00e9cis\u00e9ment <strong>344 ouvrages divis\u00e9s en 194 lots<\/strong> qui devaient \u00eatre mis \u00e0 la vente ce mardi. Et c\u2019est \u00e0 la demande du chef de l\u2019\u00c9tat, <strong>Bassirou Diomaye FAYE<\/strong>, que ces ench\u00e8res ont \u00e9t\u00e9 report\u00e9es explique l\u2019ambassadeur du S\u00e9n\u00e9gal en France El <strong>Hadj Magatte Seye<\/strong> : \u00ab <em>Au-del\u00e0 m\u00eame de ce patrimoine-l\u00e0, nous estimons que Senghor lui-m\u00eame est un patrimoine : un patrimoine s\u00e9n\u00e9galais, un patrimoine africain, un patrimoine universel. \u00c9viter qu&rsquo;il y ait une dispersion \u00e9tait essentiel. C&rsquo;est pourquoi le pr\u00e9sident de la R\u00e9publique du S\u00e9n\u00e9gal, Monsieur son excellence Bassirou Diomaye FAYE, a donn\u00e9 ses instructions, avec bien s\u00fbr le soutien des autorit\u00e9s fran\u00e7aises \u2013 \u00e7a aussi, il faut le mentionner -, ce qui a permis, aujourd&rsquo;hui, de surseoir cette vente pour permettre \u00e0 l&rsquo;\u00c9tat du S\u00e9n\u00e9gal de n\u00e9gocier l&rsquo;acquisition des ouvrages de la biblioth\u00e8que du pr\u00e9sident Senghor. <\/em>\u00bb a-t-il dit.<\/p>\n\n\n\n<p>En octobre 2023, \u00e0 la demande de l\u2019ex-chef de l\u2019\u00c9tat <strong>Macky SALL<\/strong>, une premi\u00e8re vente aux ench\u00e8res a \u00e9t\u00e9 bloqu\u00e9e. L\u2019\u00c9tat du S\u00e9n\u00e9gal a ainsi acquis pour <strong>240 000 euros des objets de L\u00e9opold S\u00e9dar SENGHOR. <\/strong>M\u00e9dailles, des d\u00e9corations officielles, stylos plumes : <strong>41 pi\u00e8ces<\/strong> ont rejoint les collections de l\u2019\u00c9tat s\u00e9n\u00e9galais. L\u2019ambition de l\u2019\u00c9tat s\u00e9n\u00e9galais, indique <strong>El Hadj Magatte Seye<\/strong>, est donc d\u2019acheter la collection de livres et de venir compl\u00e9ter ce patrimoine pour cr\u00e9er un mus\u00e9e d\u00e9di\u00e9 \u00e0 l\u2019\u0153uvre et \u00e0 la vie de L\u00e9opold S\u00e9dar SENGHOR : \u00ab <em>L&rsquo;objectif est de pouvoir exposer tout ce patrimoine-l\u00e0, qui a appartenu au pr\u00e9sident Senghor, dans un mus\u00e9e. Je crois que dans le contexte mondial que nous vivons, o\u00f9 il y a beaucoup de stigmatisation, o\u00f9 il y a une mont\u00e9e des communautarismes, celui qui a th\u00e9oris\u00e9 la civilisation de l&rsquo;universel, le rendez-vous du donner et du recevoir, m\u00e9rite qu&rsquo;on revisite son \u0153uvre. C&rsquo;est aujourd&rsquo;hui la direction vers laquelle nous allons avec l&rsquo;acquisition de tout ce patrimoine ayant appartenu au pr\u00e9sident Senghor.<\/em>\u00a0\u00bb<\/p>\n\n\n\n<p>Il faut noter que cette biblioth\u00e8que est riche d\u2019ouvrages rares, certains, comme par exemple Paroles de <strong>Jacques Pr\u00e9vert, Discours sur le colonialisme d\u2019Aim\u00e9 C\u00e9saire, sont d\u00e9dicac\u00e9s par leurs auteurs.<\/strong> Deux semaines sont donn\u00e9es \u00e0 l&rsquo;\u00c9tat s\u00e9n\u00e9galais pour trouver un accord afin de sauver les archives de SENGHOR en particulier et de l&rsquo;Afrique en enti\u00e8re.<\/p>\n\n\n\n<p><strong>Mamadouba CAMARA<\/strong><\/p>\n","protected":false},"excerpt":{"rendered":"<p>Comme convenu, ce 16 avril 2024 a \u00e9t\u00e9 la date choisie pour la vente aux ench\u00e8res de la biblioth\u00e8que de SENGHOR o\u00f9 il s&rsquo;agit de plus de 300. L\u2019\u00c9tat s\u00e9n\u00e9galais a souhait\u00e9 entrer en n\u00e9gociations directe avec les h\u00e9ritiers et donc fait stopper la vente. Ce sont pr\u00e9cis\u00e9ment 344 ouvrages divis\u00e9s en 194 lots qui [&hellip;]<\/p>\n","protected":false},"author":123457,"featured_media":6101,"comment_status":"open","ping_status":"open","sticky":false,"template":"","format":"standard","meta":{"_acf_changed":false,"footnotes":""},"categories":[11,30],"tags":[],"class_list":["post-6100","post","type-post","status-publish","format-standard","has-post-thumbnail","hentry","category-actualite","category-international"],"acf":[],"_links":{"self":[{"href":"https:\/\/lereveil224.info\/index.php\/wp-json\/wp\/v2\/posts\/6100","targetHints":{"allow":["GET"]}}],"collection":[{"href":"https:\/\/lereveil224.info\/index.php\/wp-json\/wp\/v2\/posts"}],"about":[{"href":"https:\/\/lereveil224.info\/index.php\/wp-json\/wp\/v2\/types\/post"}],"author":[{"embeddable":true,"href":"https:\/\/lereveil224.info\/index.php\/wp-json\/wp\/v2\/users\/123457"}],"replies":[{"embeddable":true,"href":"https:\/\/lereveil224.info\/index.php\/wp-json\/wp\/v2\/comments?post=6100"}],"version-history":[{"count":1,"href":"https:\/\/lereveil224.info\/index.php\/wp-json\/wp\/v2\/posts\/6100\/revisions"}],"predecessor-version":[{"id":6102,"href":"https:\/\/lereveil224.info\/index.php\/wp-json\/wp\/v2\/posts\/6100\/revisions\/6102"}],"wp:featuredmedia":[{"embeddable":true,"href":"https:\/\/lereveil224.info\/index.php\/wp-json\/wp\/v2\/media\/6101"}],"wp:attachment":[{"href":"https:\/\/lereveil224.info\/index.php\/wp-json\/wp\/v2\/media?parent=6100"}],"wp:term":[{"taxonomy":"category","embeddable":true,"href":"https:\/\/lereveil224.info\/index.php\/wp-json\/wp\/v2\/categories?post=6100"},{"taxonomy":"post_tag","embeddable":true,"href":"https:\/\/lereveil224.info\/index.php\/wp-json\/wp\/v2\/tags?post=6100"}],"curies":[{"name":"wp","href":"https:\/\/api.w.org\/{rel}","templated":true}]}}